{"id":3941,"date":"2018-03-07T13:48:45","date_gmt":"2018-03-07T16:48:45","guid":{"rendered":"https:\/\/hostnetart.com.br\/baixada\/lei-trabalhista-gera-incertezas-e-acoes-de-inconstitucionalidade-no-judiciario\/"},"modified":"2018-03-07T13:48:45","modified_gmt":"2018-03-07T16:48:45","slug":"lei-trabalhista-gera-incertezas-e-acoes-de-inconstitucionalidade-no-judiciario","status":"publish","type":"post","link":"https:\/\/hostnetart.com.br\/baixada\/lei-trabalhista-gera-incertezas-e-acoes-de-inconstitucionalidade-no-judiciario\/","title":{"rendered":"Lei Trabalhista gera incertezas e a\u00e7\u00f5es de inconstitucionalidade no judici\u00e1rio"},"content":{"rendered":"<p>Mais de 12 milh\u00f5es de desempregados, aumento do trabalho informal e demiss\u00f5es em massa. S\u00e3o esses os primeiros resultados dos tr\u00eas meses da nova lei Trabalhista que o golpista e ileg\u00edtimo Michel Temer (MDB-SP) vendeu ao pa\u00eds como a solu\u00e7\u00e3o para todos os problemas da classe trabalhadora.<\/p>\n<p>A argumenta\u00e7\u00e3o dos parlamentares governistas, ao acelerar os processos internos de aprova\u00e7\u00e3o e vota\u00e7\u00e3o da chamada reforma Trabalhista &#8211; Lei 13.467\/17, em vigor h\u00e1 menos de 100 dias &#8211; era a de que, al\u00e9m de gerar milhares de empregos, garantiria seguran\u00e7a jur\u00eddica para os empres\u00e1rios. Essa vers\u00e3o, que invadiu os lares brasileiros diuturnamente nos meios de comunica\u00e7\u00e3o em programas populares de r\u00e1dio e TV, est\u00e1 sendo desmentida pelos fatos.<\/p>\n<p>Segundo o presidente da Associa\u00e7\u00e3o Nacional dos Magistrados da Justi\u00e7a do Trabalho\/Anamatra e juiz do Trabalho da 15\u00aa Regi\u00e3o, Guilherme Guimar\u00e3es Feliciano, o que est\u00e1 acontecendo no Brasil hoje \u00e9 muito semelhante ao ocorrido no M\u00e9xico nos anos 2000: uma migra\u00e7\u00e3o dos postos de trabalhos formais e garantidos por atividades informais, prec\u00e1rias e mal remuneradas.<\/p>\n<p>Um dos principais motes de convencimento das entidades patronais brasileiras para aprovar essa lei era justamente conferir seguran\u00e7a jur\u00eddica, diz Guilherme, lembrando que, \u201cpor isso, o texto foi aprovado sem debate, mesmo depois do relator Rog\u00e9rio Marinho (PSDB-RN) ter alterado mais de 100 artigos no texto que veio do poder Executivo. E, depois, [o Senado] n\u00e3o se mexeu em nenhuma v\u00edrgula do documento\u201d.<\/p>\n<p>\u201cIsso tudo aconteceu em apenas quatro meses. Foi in\u00e9dito!\u201d.\u00a0<\/p>\n<p>Para a CUT, a principal sa\u00edda para impedir o fim de tantos direitos perdidos nesse processo \u00e9 a revoga\u00e7\u00e3o da Lei. E a Central est\u00e1 atuando em v\u00e1rias frentes para anular os efeitos dessa legisla\u00e7\u00e3o Trabalhista que n\u00e3o \u00e9 s\u00f3 perversa e retr\u00f3grada, tem tamb\u00e9m v\u00e1rios itens inconstitucionais.<\/p>\n<p>\u201cA CUT est\u00e1 agindo de diversas formas para extinguir essa lei\u201d, disse a secret\u00e1ria nacional de Rela\u00e7\u00f5es do Trabalho da CUT.<\/p>\n<p>Uma delas, segundo Gra\u00e7a, \u00e9 resistir nas mesas de negocia\u00e7\u00e3o e nas campanhas salariais de todas as categorias. Outra \u00e9 o movimento que a CUT j\u00e1 est\u00e1 fazendo com a coleta de 1,3 milh\u00e3o de assinaturas, para viabilizar um Projeto de Lei de Iniciativa Popular que prop\u00f5e a revoga\u00e7\u00e3o da nova legisla\u00e7\u00e3o.<\/p>\n<p>\u201cEntendemos que n\u00e3o tem condi\u00e7\u00e3o de aceitar essa lei e vamos trabalhar para acumular assinaturas contr\u00e1rias\u201d, ressaltou.<\/p>\n<p>Outras a\u00e7\u00f5es destacadas pela dirigente s\u00e3o: brigar na Justi\u00e7a, nos tribunais de primeira inst\u00e2ncia, quando os direitos da classe trabalhadora forem \u00a0desrespeitados; e denunciar nas inst\u00e2ncias internacionais, a exemplo do documento protocolado na Organiza\u00e7\u00e3o Internacional do Trabalho (OIT) no ano passado.<\/p>\n<p>Uma das prioridades da CUT este ano \u00e9 combater a Reforma Trabalhista.\u00a0<a href=\"http:\/\/admin.cut.org.br..\/\/system\/uploads\/document\/8f762d043c18300dae443f2dd3fbfa8f\/file\/resolucao-28-fevereiro-direcao-executiva.pdf\">Resolu\u00e7\u00e3o da Dire\u00e7\u00e3o Executiva da CUT<\/a>, reunida dia 28 de fevereiro, reafirma que a Central n\u00e3o medir\u00e1 esfor\u00e7os para anular essa reforma que deteriorou as rela\u00e7\u00f5es trabalhistas em todo o pa\u00eds.\u00a0<\/p>\n<p><strong>A nova Lei \u00e9 anticonstitucional<\/strong><\/p>\n<p>A pressa era tanta para aprovar a retirada de direitos dos trabalhadores e trabalhadoras que os parlamentares fizeram um acordo para aprovar a reforma do jeito que estava, independentemente das perversidades, como o caso de mulheres gr\u00e1vidas serem obrigadas a trabalhar em ambientes insalubres e at\u00e9 de inconstitucionalidades no texto da reforma. A promessa era de que depois resolveriam os problemas via Medida Provis\u00f3ria. At\u00e9 agora, nada foi feito.<\/p>\n<p>\u201cExistia um tal acord\u00e3o entre os parlamentares da situa\u00e7\u00e3o para que, assim que a lei fosse sancionada pela presid\u00eancia da Rep\u00fablica, seria encaminhada uma Medida Provis\u00f3ria para fazer corre\u00e7\u00f5es porque a lei passou nas duas casas sem nenhum veto\u201d, confirma o presidente da Anamatra.<\/p>\n<p>\u201cAcontece que ao longo dos 120 dias de vac\u00e2ncia \u2013 per\u00edodo para a lei entrar em vigor \u2013 nada foi feito nem encaminhado e, somente na semana seguinte, depois que passou a valer, foi criada uma MPa para alterar a lei. Porque n\u00e3o veio antes?\u201d questionou Guilherme.<\/p>\n<p>O secret\u00e1rio Nacional de Assuntos Jur\u00eddicos da CUT, Valeir Ertle, explicou que v\u00e1rios pontos da nova lei s\u00e3o inconstitucionais e que o pr\u00f3prio patronato est\u00e1 com dificuldade para aplic\u00e1-la, o que gerou aproximadamente 18 A\u00e7\u00f5es Diretas de Inconstitucionalidade (Adin) no Supremo Tribunal Federal (STF).<\/p>\n<p>Al\u00e9m das Adin\u2019s que tramitam no STF, tamb\u00e9m o Tribunal Superior do Trabalho (TST) ir\u00e1 refletir sobre a aplica\u00e7\u00e3o desta lei, para saber se o que diz o texto \u00e9 constitucional ou n\u00e3o.<\/p>\n<p>\u201cEssa Lei foi feita a toque de caixa, \u00e9 muito mal elaborada e est\u00e1 provocando v\u00e1rios problemas para todo o mercado de trabalho, sendo que o principal \u00e9 a inseguran\u00e7a jur\u00eddica\u201d, destacou o dirigente.<\/p>\n<p>As a\u00e7\u00f5es que est\u00e3o sendo encampadas pelo poder Legislativo partem do Senado, cujo principal artigo do\u00a0<a href=\"https:\/\/www12.senado.leg.br\/noticias\/materias\/2017\/08\/01\/paim-apresenta-projeto-que-revoga-lei-da-reforma-trabalhista\">Projeto de Lei (PL) de autoria do senador Paulo Paim (PT-RS)<\/a>\u00a0\u00e9 a revoga\u00e7\u00e3o da 13.467\/17, protocolado em agosto de 2017.\u00a0<\/p>\n<p>Tamb\u00e9m sob relatoria do senador Paim, o Estatuto do Trabalho est\u00e1 programado para ser apresentado agora em maio, mas assim como o PL, precisa passar pelo rito do Congresso.<\/p>\n<p><strong>Volta \u00e0 barb\u00e1rie<\/strong><\/p>\n<p>Para o deputado federal e advogado trabalhista, Wadih Damous (PT-RJ), a forma como a lei foi aprovada colocou os trabalhadores de volta ao cen\u00e1rio de barb\u00e1rie que s\u00f3 existiu antes da Consolida\u00e7\u00e3o das Leis do Trabalho \u2013 CLT, criada no ano de 1943.<\/p>\n<p>\u201cEssa legisla\u00e7\u00e3o \u00e9 a consagra\u00e7\u00e3o do capitalismo selvagem no mundo do trabalho\u201d.<\/p>\n<p>O deputado refor\u00e7ou que a bancada de oposi\u00e7\u00e3o foi contundente no diagn\u00f3stico do que estaria por vir. \u201cPontuamos que aumentaria tudo o que j\u00e1 havia de ruim e pioraria: a precariza\u00e7\u00e3o, a informalidade, o subemprego e demiss\u00f5es. Tudo isso j\u00e1 est\u00e1 acontecendo\u201d, desabafou Damous.<\/p>\n<p><span style=\"text-decoration: underline;\"><em><strong>FONTE: CUT<\/strong><\/em><\/span><\/p>\n","protected":false},"excerpt":{"rendered":"<p>Mais de 12 milh\u00f5es de desempregados, aumento do trabalho informal e demiss\u00f5es em massa. S\u00e3o esses os primeiros resultados dos tr\u00eas meses da nova lei Trabalhista que o golpista e ileg\u00edtimo Michel Temer (MDB-SP) vendeu ao pa\u00eds como a solu\u00e7\u00e3o para todos os problemas da classe trabalhadora. A argumenta\u00e7\u00e3o dos parlamentares governistas, ao acelerar os [&hellip;]<\/p>\n","protected":false},"author":2,"featured_media":3940,"comment_status":"","ping_status":"","sticky":false,"template":"","format":"standard","meta":{"footnotes":""},"categories":[3],"tags":[],"class_list":["post-3941","post","type-post","status-publish","format-standard","has-post-thumbnail","hentry","category-noticias"],"_links":{"self":[{"href":"https:\/\/hostnetart.com.br\/baixada\/wp-json\/wp\/v2\/posts\/3941","targetHints":{"allow":["GET"]}}],"collection":[{"href":"https:\/\/hostnetart.com.br\/baixada\/wp-json\/wp\/v2\/posts"}],"about":[{"href":"https:\/\/hostnetart.com.br\/baixada\/wp-json\/wp\/v2\/types\/post"}],"author":[{"embeddable":true,"href":"https:\/\/hostnetart.com.br\/baixada\/wp-json\/wp\/v2\/users\/2"}],"replies":[{"embeddable":true,"href":"https:\/\/hostnetart.com.br\/baixada\/wp-json\/wp\/v2\/comments?post=3941"}],"version-history":[{"count":0,"href":"https:\/\/hostnetart.com.br\/baixada\/wp-json\/wp\/v2\/posts\/3941\/revisions"}],"wp:featuredmedia":[{"embeddable":true,"href":"https:\/\/hostnetart.com.br\/baixada\/wp-json\/wp\/v2\/media\/3940"}],"wp:attachment":[{"href":"https:\/\/hostnetart.com.br\/baixada\/wp-json\/wp\/v2\/media?parent=3941"}],"wp:term":[{"taxonomy":"category","embeddable":true,"href":"https:\/\/hostnetart.com.br\/baixada\/wp-json\/wp\/v2\/categories?post=3941"},{"taxonomy":"post_tag","embeddable":true,"href":"https:\/\/hostnetart.com.br\/baixada\/wp-json\/wp\/v2\/tags?post=3941"}],"curies":[{"name":"wp","href":"https:\/\/api.w.org\/{rel}","templated":true}]}}