{"id":3939,"date":"2018-03-07T13:47:21","date_gmt":"2018-03-07T16:47:21","guid":{"rendered":"https:\/\/hostnetart.com.br\/baixada\/senador-favoravel-a-reforma-vai-presidir-comissao-mista-sobre-lei-trabalhista\/"},"modified":"2018-03-07T13:47:21","modified_gmt":"2018-03-07T16:47:21","slug":"senador-favoravel-a-reforma-vai-presidir-comissao-mista-sobre-lei-trabalhista","status":"publish","type":"post","link":"https:\/\/hostnetart.com.br\/baixada\/senador-favoravel-a-reforma-vai-presidir-comissao-mista-sobre-lei-trabalhista\/","title":{"rendered":"Senador favor\u00e1vel \u00e0 reforma vai presidir comiss\u00e3o mista sobre lei trabalhista"},"content":{"rendered":"<p>A comiss\u00e3o mista (C\u00e2mara\/Senado) que vai analisar a Medida Provis\u00f3ria (MP) 808, que muda itens da &#8220;reforma&#8221; trabalhista, ser\u00e1 presidida pelo senador Gladson Cameli (PP-AC) e ter\u00e1 como vice o deputado Pedro Fernandes (PTB-MA). A relatoria ser\u00e1 definida na ter\u00e7a-feira que vem (13). Sindicalistas tentam emplacar o nome de Bebeto (PSB-BA), dirigente da For\u00e7a Sindical e cr\u00edtico da reforma.<\/p>\n<p>Empres\u00e1rio, Gladson Cameli foi favor\u00e1vel ao projeto de &#8220;reforma&#8221; durante a tramita\u00e7\u00e3o no Congresso. Ele endossou o discurso de que as mudan\u00e7as na lei eram favor\u00e1veis inclusive ao trabalhador. Destacou a preval\u00eancia do negociado sobre o legislado, o parcelamento das f\u00e9rias, a flexibiliza\u00e7\u00e3o da jornada e o trabalho intermitente, entre outros itens.\u00a0<\/p>\n<p>A MP foi enviada ao Congresso em novembro, pouco depois da entrada em vigor da Lei 13.467, que modificou mais de uma centena de pontos da Consolida\u00e7\u00e3o da Leis do Trabalho (CLT). Para apressar a aprova\u00e7\u00e3o do projeto, o governo fez com que o Senado n\u00e3o alterasse nenhum item, o que mandaria o texto de volta \u00e0 C\u00e2mara. Como &#8220;contrapartida&#8221;, mandou a MP para modificar alguns trechos da lei considerados mais pol\u00eamicos. O Congresso tem at\u00e9 23 de abril para analisar a medida.<\/p>\n<p>Foram apresentadas 967 emendas, em boa parte referentes ao chamado trabalho intermitente, um dos itens mais criticados. Tamb\u00e9m h\u00e1 propostas sobre representa\u00e7\u00e3o no local de trabalho, atividades de mulheres gr\u00e1vidas e lactantes em locais insalubres e jornada 12&#215;36. A MP determina que a &#8220;reforma&#8221; vale inclusive para contratos em vigor antes de 11 de novembro, quando a lei passou a valer. \u00c9 outra quest\u00e3o controversa.<\/p>\n<p>\u00a0<\/p>\n<p><strong>FONTE: Rede Brasil Atual<\/strong><\/p>\n","protected":false},"excerpt":{"rendered":"<p>A comiss\u00e3o mista (C\u00e2mara\/Senado) que vai analisar a Medida Provis\u00f3ria (MP) 808, que muda itens da &#8220;reforma&#8221; trabalhista, ser\u00e1 presidida pelo senador Gladson Cameli (PP-AC) e ter\u00e1 como vice o deputado Pedro Fernandes (PTB-MA). A relatoria ser\u00e1 definida na ter\u00e7a-feira que vem (13). Sindicalistas tentam emplacar o nome de Bebeto (PSB-BA), dirigente da For\u00e7a Sindical [&hellip;]<\/p>\n","protected":false},"author":2,"featured_media":3938,"comment_status":"","ping_status":"","sticky":false,"template":"","format":"standard","meta":{"footnotes":""},"categories":[3],"tags":[],"class_list":["post-3939","post","type-post","status-publish","format-standard","has-post-thumbnail","hentry","category-noticias"],"_links":{"self":[{"href":"https:\/\/hostnetart.com.br\/baixada\/wp-json\/wp\/v2\/posts\/3939","targetHints":{"allow":["GET"]}}],"collection":[{"href":"https:\/\/hostnetart.com.br\/baixada\/wp-json\/wp\/v2\/posts"}],"about":[{"href":"https:\/\/hostnetart.com.br\/baixada\/wp-json\/wp\/v2\/types\/post"}],"author":[{"embeddable":true,"href":"https:\/\/hostnetart.com.br\/baixada\/wp-json\/wp\/v2\/users\/2"}],"replies":[{"embeddable":true,"href":"https:\/\/hostnetart.com.br\/baixada\/wp-json\/wp\/v2\/comments?post=3939"}],"version-history":[{"count":0,"href":"https:\/\/hostnetart.com.br\/baixada\/wp-json\/wp\/v2\/posts\/3939\/revisions"}],"wp:featuredmedia":[{"embeddable":true,"href":"https:\/\/hostnetart.com.br\/baixada\/wp-json\/wp\/v2\/media\/3938"}],"wp:attachment":[{"href":"https:\/\/hostnetart.com.br\/baixada\/wp-json\/wp\/v2\/media?parent=3939"}],"wp:term":[{"taxonomy":"category","embeddable":true,"href":"https:\/\/hostnetart.com.br\/baixada\/wp-json\/wp\/v2\/categories?post=3939"},{"taxonomy":"post_tag","embeddable":true,"href":"https:\/\/hostnetart.com.br\/baixada\/wp-json\/wp\/v2\/tags?post=3939"}],"curies":[{"name":"wp","href":"https:\/\/api.w.org\/{rel}","templated":true}]}}