{"id":3937,"date":"2018-03-07T13:45:39","date_gmt":"2018-03-07T16:45:39","guid":{"rendered":"https:\/\/hostnetart.com.br\/baixada\/contraf-cut-denuncia-banco-do-brasil-no-mpt-pelo-descomissionamento-de-mais-de-700-caixas\/"},"modified":"2018-03-07T13:45:39","modified_gmt":"2018-03-07T16:45:39","slug":"contraf-cut-denuncia-banco-do-brasil-no-mpt-pelo-descomissionamento-de-mais-de-700-caixas","status":"publish","type":"post","link":"https:\/\/hostnetart.com.br\/baixada\/contraf-cut-denuncia-banco-do-brasil-no-mpt-pelo-descomissionamento-de-mais-de-700-caixas\/","title":{"rendered":"Contraf-CUT denuncia Banco do Brasil no MPT pelo descomissionamento de mais de 700 caixas"},"content":{"rendered":"<div class=\"content\">\n<p>A Contraf-CUT ingressou com uma den\u00fancia contra o Banco do Brasil junto ao Minist\u00e9rio P\u00fablico do Trabalho em Bras\u00edlia pelo descomissionamento de mais de 700 (setecentos) caixas em todo o pa\u00eds.<\/p>\n<p>Em janeiro de 2018, o BB anunciou continuidade do seu processo de reestrutura\u00e7\u00e3o com redu\u00e7\u00e3o de cargos, cria\u00e7\u00e3o de outros e previs\u00e3o de corte de 1200 caixa nas ag\u00eancias, postos de atendimento e PSO &#8211; Plataformas de Suporte Operacional.<\/p>\n<p>Ao longo de 2 meses, houve tentativa de negocia\u00e7\u00e3o com o BB no sentido de realocar e proteger a renda dos trabalhadores e trabalhadoras caixas nas unidades. O BB anunciou uma s\u00e9rie de medidas e esfor\u00e7os para nomea\u00e7\u00e3o dos caixas em vagas de assistentes, o que resultou em muitas nomea\u00e7\u00f5es e realoca\u00e7\u00f5es e reduziu o n\u00famero de caixas excedentes no final de fevereiro.<\/p>\n<p>Contudo, as medidas foram insuficientes para evitar o descomissionamento em massa de mais de 700 caixas.<\/p>\n<p>Depois do an\u00fancio e corte dos cargos, inviabilizando a manuten\u00e7\u00e3o dos sal\u00e1rios dos funcion\u00e1rios, assim como nos demais cargos em casos de reestrutura\u00e7\u00e3o, a Contraf-CUT entrou com uma den\u00fancia junto ao Minist\u00e9rio P\u00fablico do Trabalho (MPT) buscando um processo de media\u00e7\u00e3o que retire a discrimina\u00e7\u00e3o com os caixas.<\/p>\n<p>Para Wagner Nascimento, coordenador da Comiss\u00e3o de Empresas dos Funcion\u00e1rios do BB, o BB age com mesquinharia a n\u00e3o proteger e dar aos caixas tratamento igual aos demais cargos. No ano passado, conseguimos a manuten\u00e7\u00e3o das comiss\u00f5es dos caixas por 4 meses e o BB neste ano, se mostra mais intransigente acentuando a discrimina\u00e7\u00e3o com os caixas.<\/p>\n<p>A Comiss\u00e3o de Empresa dos Funcion\u00e1rios do BB continua \u00e0 disposi\u00e7\u00e3o do BB para negocia\u00e7\u00e3o do assunto e aguardando tamb\u00e9m a manifesta\u00e7\u00e3o do Minist\u00e9rio P\u00fablico do Trabalho.<\/p>\n<\/div>\n<p id=\"page-author\"><strong>Fonte: Contraf-CUT<\/strong><\/p>\n","protected":false},"excerpt":{"rendered":"<p>A Contraf-CUT ingressou com uma den\u00fancia contra o Banco do Brasil junto ao Minist\u00e9rio P\u00fablico do Trabalho em Bras\u00edlia pelo descomissionamento de mais de 700 (setecentos) caixas em todo o pa\u00eds. Em janeiro de 2018, o BB anunciou continuidade do seu processo de reestrutura\u00e7\u00e3o com redu\u00e7\u00e3o de cargos, cria\u00e7\u00e3o de outros e previs\u00e3o de corte [&hellip;]<\/p>\n","protected":false},"author":2,"featured_media":3936,"comment_status":"","ping_status":"","sticky":false,"template":"","format":"standard","meta":{"footnotes":""},"categories":[3],"tags":[],"class_list":["post-3937","post","type-post","status-publish","format-standard","has-post-thumbnail","hentry","category-noticias"],"_links":{"self":[{"href":"https:\/\/hostnetart.com.br\/baixada\/wp-json\/wp\/v2\/posts\/3937","targetHints":{"allow":["GET"]}}],"collection":[{"href":"https:\/\/hostnetart.com.br\/baixada\/wp-json\/wp\/v2\/posts"}],"about":[{"href":"https:\/\/hostnetart.com.br\/baixada\/wp-json\/wp\/v2\/types\/post"}],"author":[{"embeddable":true,"href":"https:\/\/hostnetart.com.br\/baixada\/wp-json\/wp\/v2\/users\/2"}],"replies":[{"embeddable":true,"href":"https:\/\/hostnetart.com.br\/baixada\/wp-json\/wp\/v2\/comments?post=3937"}],"version-history":[{"count":0,"href":"https:\/\/hostnetart.com.br\/baixada\/wp-json\/wp\/v2\/posts\/3937\/revisions"}],"wp:featuredmedia":[{"embeddable":true,"href":"https:\/\/hostnetart.com.br\/baixada\/wp-json\/wp\/v2\/media\/3936"}],"wp:attachment":[{"href":"https:\/\/hostnetart.com.br\/baixada\/wp-json\/wp\/v2\/media?parent=3937"}],"wp:term":[{"taxonomy":"category","embeddable":true,"href":"https:\/\/hostnetart.com.br\/baixada\/wp-json\/wp\/v2\/categories?post=3937"},{"taxonomy":"post_tag","embeddable":true,"href":"https:\/\/hostnetart.com.br\/baixada\/wp-json\/wp\/v2\/tags?post=3937"}],"curies":[{"name":"wp","href":"https:\/\/api.w.org\/{rel}","templated":true}]}}