{"id":3929,"date":"2018-03-06T13:37:42","date_gmt":"2018-03-06T16:37:42","guid":{"rendered":"https:\/\/hostnetart.com.br\/baixada\/empregados-da-caixa-fazem-dia-de-luta-contra-desmonte-do-banco\/"},"modified":"2018-03-06T13:37:42","modified_gmt":"2018-03-06T16:37:42","slug":"empregados-da-caixa-fazem-dia-de-luta-contra-desmonte-do-banco","status":"publish","type":"post","link":"https:\/\/hostnetart.com.br\/baixada\/empregados-da-caixa-fazem-dia-de-luta-contra-desmonte-do-banco\/","title":{"rendered":"Empregados da Caixa fazem dia de luta contra desmonte do banco"},"content":{"rendered":"<div class=\"content\">\n<p>Os empregados da Caixa de todo o Brasil participaram, nesta segunda-feira (5), do dia nacional de luta contra o desmonte do banco p\u00fablico imposto pelo governo Temer. Atualmente, no \u00e2mbito do processo conhecido como verticaliza\u00e7\u00e3o, centenas de gerentes PJ est\u00e3o sendo descomissionados de forma arbitr\u00e1ria pela dire\u00e7\u00e3o do banco, mas esse processo vai atingir a todos os empregados, inclusive nas carreiras por efeito domin\u00f3, e tamb\u00e9m a popula\u00e7\u00e3o.\u00a0<\/p>\n<p>\u201cA consequ\u00eancia da perda de fun\u00e7\u00e3o para os gerentes PJ \u00e9 uma redu\u00e7\u00e3o expressiva dos seus rendimentos e um duro golpe nas suas carreiras. Um gerente PJ se prepara por anos para exercer a fun\u00e7\u00e3o e, agora, por conta de uma arbitrariedade da dire\u00e7\u00e3o do banco, ter\u00e1 a sua carreira destru\u00edda\u201d, afirmou Dion\u00edsio dos Reis, coordenador do Comiss\u00e3o Executiva dos Empregados (CEE) da Caixa.<\/p>\n<p>Gra\u00e7as a liminar obtida pela Contraf-CUT, que determinou imediata suspens\u00e3o dos efeitos da revoga\u00e7\u00e3o do RH 151, est\u00e1 assegurada a incorpora\u00e7\u00e3o de fun\u00e7\u00e3o aos gerentes PJ e demais empregados da Caixa descomissionados ap\u00f3s pelo menos 10 anos no exerc\u00edcio do cargo.<\/p>\n<p>\u201cO governo Temer ataca a Caixa e sua fun\u00e7\u00e3o social por todos os lados. Aproxima o banco cada vez mais de uma l\u00f3gica exclusivamente de mercado, em detrimento da sua fun\u00e7\u00e3o social como banco p\u00fablico, prejudicando empregados e amea\u00e7ando suas fun\u00e7\u00f5es. A luta em defesa da Caixa 100% p\u00fablica e da sua fun\u00e7\u00e3o social \u00e9 a mesma luta em defesa dos empregos e direitos dos empregados. O momento \u00e9 de uni\u00e3o e mobiliza\u00e7\u00e3o para resistirmos a tantos ataques\u201d, convocou Dion\u00edsio.<\/p>\n<\/div>\n<p id=\"page-author\"><strong>Fonte: Contraf-CUT<\/strong><\/p>\n","protected":false},"excerpt":{"rendered":"<p>Os empregados da Caixa de todo o Brasil participaram, nesta segunda-feira (5), do dia nacional de luta contra o desmonte do banco p\u00fablico imposto pelo governo Temer. Atualmente, no \u00e2mbito do processo conhecido como verticaliza\u00e7\u00e3o, centenas de gerentes PJ est\u00e3o sendo descomissionados de forma arbitr\u00e1ria pela dire\u00e7\u00e3o do banco, mas esse processo vai atingir a [&hellip;]<\/p>\n","protected":false},"author":2,"featured_media":3928,"comment_status":"","ping_status":"","sticky":false,"template":"","format":"standard","meta":{"footnotes":""},"categories":[3],"tags":[],"class_list":["post-3929","post","type-post","status-publish","format-standard","has-post-thumbnail","hentry","category-noticias"],"_links":{"self":[{"href":"https:\/\/hostnetart.com.br\/baixada\/wp-json\/wp\/v2\/posts\/3929","targetHints":{"allow":["GET"]}}],"collection":[{"href":"https:\/\/hostnetart.com.br\/baixada\/wp-json\/wp\/v2\/posts"}],"about":[{"href":"https:\/\/hostnetart.com.br\/baixada\/wp-json\/wp\/v2\/types\/post"}],"author":[{"embeddable":true,"href":"https:\/\/hostnetart.com.br\/baixada\/wp-json\/wp\/v2\/users\/2"}],"replies":[{"embeddable":true,"href":"https:\/\/hostnetart.com.br\/baixada\/wp-json\/wp\/v2\/comments?post=3929"}],"version-history":[{"count":0,"href":"https:\/\/hostnetart.com.br\/baixada\/wp-json\/wp\/v2\/posts\/3929\/revisions"}],"wp:featuredmedia":[{"embeddable":true,"href":"https:\/\/hostnetart.com.br\/baixada\/wp-json\/wp\/v2\/media\/3928"}],"wp:attachment":[{"href":"https:\/\/hostnetart.com.br\/baixada\/wp-json\/wp\/v2\/media?parent=3929"}],"wp:term":[{"taxonomy":"category","embeddable":true,"href":"https:\/\/hostnetart.com.br\/baixada\/wp-json\/wp\/v2\/categories?post=3929"},{"taxonomy":"post_tag","embeddable":true,"href":"https:\/\/hostnetart.com.br\/baixada\/wp-json\/wp\/v2\/tags?post=3929"}],"curies":[{"name":"wp","href":"https:\/\/api.w.org\/{rel}","templated":true}]}}