{"id":3913,"date":"2018-03-02T16:19:36","date_gmt":"2018-03-02T19:19:36","guid":{"rendered":"https:\/\/hostnetart.com.br\/baixada\/liminar-suspende-efeitos-da-revogacao-do-rh-151-pela-caixa\/"},"modified":"2018-03-02T16:19:36","modified_gmt":"2018-03-02T19:19:36","slug":"liminar-suspende-efeitos-da-revogacao-do-rh-151-pela-caixa","status":"publish","type":"post","link":"https:\/\/hostnetart.com.br\/baixada\/liminar-suspende-efeitos-da-revogacao-do-rh-151-pela-caixa\/","title":{"rendered":"Liminar suspende efeitos da revoga\u00e7\u00e3o do RH 151 pela Caixa"},"content":{"rendered":"<div class=\"content\">\n<p>A desembargadora Maria Regina Guimar\u00e3es, vice-presidenta do Tribunal Regional do Trabalho (TRT) da 10\u00aa Regi\u00e3o, deferiu, nesta quarta-feira (28), <a href=\"http:\/\/admin.contrafcut.com.br\/system\/uploads\/ck\/files\/DecisaoRH151Contraf.pdf\" target=\"_blank\" rel=\"noopener noreferrer\"><ins><strong>liminar requerida<\/strong><\/ins><\/a> pela Confedera\u00e7\u00e3o Nacional dos Trabalhadores do Ramo Financeiro (Contraf-CUT), determinando a imediata suspens\u00e3o dos efeitos da revoga\u00e7\u00e3o do RH 151 pela Caixa Econ\u00f4mica Federal.<\/p>\n<p>Para a magistrada, confirmando o argumento principal da Contraf-CUT, o RH 151 \u00e9 norma interna da Caixa e, por isso, incorpora o contrato de trabalho dos empregados, devendo ser respeitado. Dessa forma, de acordo com a liminar, a Caixa dever\u00e1 aplicar o normativo interno, procedendo a incorpora\u00e7\u00e3o da gratifica\u00e7\u00e3o de fun\u00e7\u00e3o para os empregados, quando houver dispensa da fun\u00e7\u00e3o sem justo motivo.<\/p>\n<p>Vale lembrar que o RH151 prev\u00ea a incorpora\u00e7\u00e3o da gratifica\u00e7\u00e3o, quando:<br \/> a) a dispensa da fun\u00e7\u00e3o gratificada\/cargo comissionado efetivo\/fun\u00e7\u00e3o comissionada, por interesse da administra\u00e7\u00e3o (sem justo motivo);<br \/> b) o exerc\u00edcio da respectiva fun\u00e7\u00e3o por per\u00edodo maior ou igual a 10 anos.<\/p>\n<p>\u201cComo sempre defendemos, n\u00e3o h\u00e1 amparo legal para acabar com a incorpora\u00e7\u00e3o de fun\u00e7\u00e3o, pois, o RH 151 integra o nosso contrato de trabalho\u201d, afirma Dion\u00edsio Reis, coordenador da Comiss\u00e3o Executiva dos Empregados (CEE\/Caixa) e diretor da Fenae. Ele acrescenta: \u201c\u00e9 fundamental que os trabalhadores se mobilizem cada vez mais, porque a revoga\u00e7\u00e3o do normativo \u00e9 mais um ato do governo para desmontar e enfraquecer a Caixa\u201d.<\/p>\n<\/div>\n<p id=\"page-author\"><strong>Fonte: Fenae<\/strong><\/p>\n","protected":false},"excerpt":{"rendered":"<p>A desembargadora Maria Regina Guimar\u00e3es, vice-presidenta do Tribunal Regional do Trabalho (TRT) da 10\u00aa Regi\u00e3o, deferiu, nesta quarta-feira (28), liminar requerida pela Confedera\u00e7\u00e3o Nacional dos Trabalhadores do Ramo Financeiro (Contraf-CUT), determinando a imediata suspens\u00e3o dos efeitos da revoga\u00e7\u00e3o do RH 151 pela Caixa Econ\u00f4mica Federal. Para a magistrada, confirmando o argumento principal da Contraf-CUT, o [&hellip;]<\/p>\n","protected":false},"author":2,"featured_media":3912,"comment_status":"","ping_status":"","sticky":false,"template":"","format":"standard","meta":{"footnotes":""},"categories":[3],"tags":[],"class_list":["post-3913","post","type-post","status-publish","format-standard","has-post-thumbnail","hentry","category-noticias"],"_links":{"self":[{"href":"https:\/\/hostnetart.com.br\/baixada\/wp-json\/wp\/v2\/posts\/3913","targetHints":{"allow":["GET"]}}],"collection":[{"href":"https:\/\/hostnetart.com.br\/baixada\/wp-json\/wp\/v2\/posts"}],"about":[{"href":"https:\/\/hostnetart.com.br\/baixada\/wp-json\/wp\/v2\/types\/post"}],"author":[{"embeddable":true,"href":"https:\/\/hostnetart.com.br\/baixada\/wp-json\/wp\/v2\/users\/2"}],"replies":[{"embeddable":true,"href":"https:\/\/hostnetart.com.br\/baixada\/wp-json\/wp\/v2\/comments?post=3913"}],"version-history":[{"count":0,"href":"https:\/\/hostnetart.com.br\/baixada\/wp-json\/wp\/v2\/posts\/3913\/revisions"}],"wp:featuredmedia":[{"embeddable":true,"href":"https:\/\/hostnetart.com.br\/baixada\/wp-json\/wp\/v2\/media\/3912"}],"wp:attachment":[{"href":"https:\/\/hostnetart.com.br\/baixada\/wp-json\/wp\/v2\/media?parent=3913"}],"wp:term":[{"taxonomy":"category","embeddable":true,"href":"https:\/\/hostnetart.com.br\/baixada\/wp-json\/wp\/v2\/categories?post=3913"},{"taxonomy":"post_tag","embeddable":true,"href":"https:\/\/hostnetart.com.br\/baixada\/wp-json\/wp\/v2\/tags?post=3913"}],"curies":[{"name":"wp","href":"https:\/\/api.w.org\/{rel}","templated":true}]}}