{"id":3909,"date":"2018-03-01T15:09:43","date_gmt":"2018-03-01T18:09:43","guid":{"rendered":"https:\/\/hostnetart.com.br\/baixada\/nota-de-falecimento-4\/"},"modified":"2018-03-01T15:09:43","modified_gmt":"2018-03-01T18:09:43","slug":"nota-de-falecimento-4","status":"publish","type":"post","link":"https:\/\/hostnetart.com.br\/baixada\/nota-de-falecimento-4\/","title":{"rendered":"Nota de falecimento"},"content":{"rendered":"<p>\u00c9 com muito pesar que o Sindicato dos Banc\u00e1rios da Baixada Fluminense comunica o falecimento de nosso colega, Marcelo Vaz, funcion\u00e1rio do banco Ita\u00fa.<br \/> Marceloerai funcion\u00e1rio da ag\u00eancia 6489, em Mesquita, e estava licenciado para tratamento de sa\u00fade. O sepultamento do nosso companheiro ser\u00e1 hoje (quinta-feira, 1 de mar\u00e7o) no Jardim de Mesquita, \u00e0s 15.30h.<br \/> O SindBaixada lamenta o falecimento e deseja for\u00e7a a toda fam\u00edlia e amigos do companheiro.<\/p>\n<p><\/p>\n","protected":false},"excerpt":{"rendered":"<p>\u00c9 com muito pesar que o Sindicato dos Banc\u00e1rios da Baixada Fluminense comunica o falecimento de nosso colega, Marcelo Vaz, funcion\u00e1rio do banco Ita\u00fa. Marceloerai funcion\u00e1rio da ag\u00eancia 6489, em Mesquita, e estava licenciado para tratamento de sa\u00fade. O sepultamento do nosso companheiro ser\u00e1 hoje (quinta-feira, 1 de mar\u00e7o) no Jardim de Mesquita, \u00e0s 15.30h. [&hellip;]<\/p>\n","protected":false},"author":2,"featured_media":3908,"comment_status":"","ping_status":"","sticky":false,"template":"","format":"standard","meta":{"footnotes":""},"categories":[3],"tags":[],"class_list":["post-3909","post","type-post","status-publish","format-standard","has-post-thumbnail","hentry","category-noticias"],"_links":{"self":[{"href":"https:\/\/hostnetart.com.br\/baixada\/wp-json\/wp\/v2\/posts\/3909","targetHints":{"allow":["GET"]}}],"collection":[{"href":"https:\/\/hostnetart.com.br\/baixada\/wp-json\/wp\/v2\/posts"}],"about":[{"href":"https:\/\/hostnetart.com.br\/baixada\/wp-json\/wp\/v2\/types\/post"}],"author":[{"embeddable":true,"href":"https:\/\/hostnetart.com.br\/baixada\/wp-json\/wp\/v2\/users\/2"}],"replies":[{"embeddable":true,"href":"https:\/\/hostnetart.com.br\/baixada\/wp-json\/wp\/v2\/comments?post=3909"}],"version-history":[{"count":0,"href":"https:\/\/hostnetart.com.br\/baixada\/wp-json\/wp\/v2\/posts\/3909\/revisions"}],"wp:featuredmedia":[{"embeddable":true,"href":"https:\/\/hostnetart.com.br\/baixada\/wp-json\/wp\/v2\/media\/3908"}],"wp:attachment":[{"href":"https:\/\/hostnetart.com.br\/baixada\/wp-json\/wp\/v2\/media?parent=3909"}],"wp:term":[{"taxonomy":"category","embeddable":true,"href":"https:\/\/hostnetart.com.br\/baixada\/wp-json\/wp\/v2\/categories?post=3909"},{"taxonomy":"post_tag","embeddable":true,"href":"https:\/\/hostnetart.com.br\/baixada\/wp-json\/wp\/v2\/tags?post=3909"}],"curies":[{"name":"wp","href":"https:\/\/api.w.org\/{rel}","templated":true}]}}