{"id":3905,"date":"2018-03-01T14:57:44","date_gmt":"2018-03-01T17:57:44","guid":{"rendered":"https:\/\/hostnetart.com.br\/baixada\/comando-nacional-se-reune-para-debater-campanha-nacional-2018\/"},"modified":"2018-03-01T14:57:44","modified_gmt":"2018-03-01T17:57:44","slug":"comando-nacional-se-reune-para-debater-campanha-nacional-2018","status":"publish","type":"post","link":"https:\/\/hostnetart.com.br\/baixada\/comando-nacional-se-reune-para-debater-campanha-nacional-2018\/","title":{"rendered":"Comando Nacional se re\u00fane para debater Campanha Nacional 2018"},"content":{"rendered":"<div class=\"content\">\n<p>Balan\u00e7o dos bancos, estrat\u00e9gia, calend\u00e1rio de luta, homologa\u00e7\u00e3o, contribui\u00e7\u00e3o sindical e elei\u00e7\u00f5es corporativas foram os principais temas da reuni\u00e3o do Comando Nacional dos Banc\u00e1rios, realizada na tarde desta quarta-feira (28), na sede da Confedera\u00e7\u00e3o Nacional dos Trabalhadores do Ramo Financeiro (Contraf-CUT) em S\u00e3o Paulo.<\/p>\n<p>Roberto von der Osten, presidente da Contraf-CUT e um dos coordenadores do Comando Nacional, ressaltou a import\u00e2ncia do encontro. \u201cEm 2018, possivelmente teremos uma das campanhas nacionais mais complexas\u00a0da hist\u00f3ria. Por isso, temos que estar preparados e unidos para combater os ataques dos banqueiros.\u201d<\/p>\n<p><a class=\"has-subtitle img\" style=\"float: left; height: 300px; width: 400px;\" title=\"\" href=\"http:\/\/admin.contrafcut.com.br\/system\/uploads\/ck\/images\/DSCN4418.JPG\" data-lightbox=\"lightbox\" data-title=\"\"><img decoding=\"async\" style=\"float: left; height: 300px; width: 400px;\" src=\"http:\/\/www.contrafcut.org.br\/images\/_e37c10c60297a17594e1afc8ba73e42a.JPG\" alt=\"\" \/><\/a><\/p>\n<p>\u00a0<\/p>\n<p>\u00a0<\/p>\n<p>\u00a0<\/p>\n<p>\u00a0<\/p>\n<p>\u00a0<\/p>\n<p>\u00a0<\/p>\n<p>\u00a0<\/p>\n<p>\u00a0<\/p>\n<p>\u00a0<\/p>\n<p>\u00a0<\/p>\n<p>O Departamento Intersindical de Estat\u00edstica e Estudos Socioecon\u00f4micos (Dieese), abriu a reuni\u00e3o com uma apresenta\u00e7\u00e3o sobre os dados de emprego no sistema financeiro e sobre os balan\u00e7os dos bancos. \u201cS\u00e3o informa\u00e7\u00f5es que v\u00e3o ajudar os dirigentes do Comando na mesa de negocia\u00e7\u00e3o\u201d, disse o coordenador do Comando Nacional.<\/p>\n<p>Na sequ\u00eancia, o secret\u00e1rio de Assuntos Jur\u00eddicos da Contraf-CUT, Mauri Sergio Martins de Souza, relatou o debate da \u00faltima reuni\u00e3o da Coordena\u00e7\u00e3o do Coletivo Jur\u00eddico da Contraf-CUT, realizada no dia 20 de fevereiro, que abordou dois pontos: o fim das homologa\u00e7\u00f5es de rescis\u00e3o contratual efetivadas pelas entidades sindicais e a contribui\u00e7\u00e3o sindical e financiamento sindical. O Comando Nacional vai orientar os sindicatos a debaterem com suas bases a sustenta\u00e7\u00e3o necess\u00e1ria para manter uma estrutura sindical combativa e de luta. &#8220;Quanto a homologa\u00e7\u00e3o, vamos continuar a luta para que ela seja feita no Sindicato, que \u00e9 a ferramenta de prote\u00e7\u00e3o do trabalhador. Orientamos as entidades para que acompanhe as rescis\u00f5es onde elas aconte\u00e7am, que cataloguem os erros e suas frequ\u00eancias e repassem esses dados a Contraf-CUT\u201d, afirmou Roberto von der Osten.<\/p>\n<p>Durante a reuni\u00e3o, foi debatido tamb\u00e9m o calend\u00e1rio de encontros de bancos estaduais, regionais e a terceira Confer\u00eancia Nacional dos Financi\u00e1rios.<\/p>\n<p>A pr\u00f3xima reuni\u00e3o do Comando Nacional dos Banc\u00e1rios ser\u00e1 realizada no dia 20 de mar\u00e7o, na sede da Contraf-CUT, em S\u00e3o Paulo.<\/p>\n<\/div>\n<p id=\"page-author\">Fonte: Contraf-CUT<\/p>\n","protected":false},"excerpt":{"rendered":"<p>Balan\u00e7o dos bancos, estrat\u00e9gia, calend\u00e1rio de luta, homologa\u00e7\u00e3o, contribui\u00e7\u00e3o sindical e elei\u00e7\u00f5es corporativas foram os principais temas da reuni\u00e3o do Comando Nacional dos Banc\u00e1rios, realizada na tarde desta quarta-feira (28), na sede da Confedera\u00e7\u00e3o Nacional dos Trabalhadores do Ramo Financeiro (Contraf-CUT) em S\u00e3o Paulo. Roberto von der Osten, presidente da Contraf-CUT e um dos coordenadores [&hellip;]<\/p>\n","protected":false},"author":2,"featured_media":3904,"comment_status":"","ping_status":"","sticky":false,"template":"","format":"standard","meta":{"footnotes":""},"categories":[3],"tags":[],"class_list":["post-3905","post","type-post","status-publish","format-standard","has-post-thumbnail","hentry","category-noticias"],"_links":{"self":[{"href":"https:\/\/hostnetart.com.br\/baixada\/wp-json\/wp\/v2\/posts\/3905","targetHints":{"allow":["GET"]}}],"collection":[{"href":"https:\/\/hostnetart.com.br\/baixada\/wp-json\/wp\/v2\/posts"}],"about":[{"href":"https:\/\/hostnetart.com.br\/baixada\/wp-json\/wp\/v2\/types\/post"}],"author":[{"embeddable":true,"href":"https:\/\/hostnetart.com.br\/baixada\/wp-json\/wp\/v2\/users\/2"}],"replies":[{"embeddable":true,"href":"https:\/\/hostnetart.com.br\/baixada\/wp-json\/wp\/v2\/comments?post=3905"}],"version-history":[{"count":0,"href":"https:\/\/hostnetart.com.br\/baixada\/wp-json\/wp\/v2\/posts\/3905\/revisions"}],"wp:featuredmedia":[{"embeddable":true,"href":"https:\/\/hostnetart.com.br\/baixada\/wp-json\/wp\/v2\/media\/3904"}],"wp:attachment":[{"href":"https:\/\/hostnetart.com.br\/baixada\/wp-json\/wp\/v2\/media?parent=3905"}],"wp:term":[{"taxonomy":"category","embeddable":true,"href":"https:\/\/hostnetart.com.br\/baixada\/wp-json\/wp\/v2\/categories?post=3905"},{"taxonomy":"post_tag","embeddable":true,"href":"https:\/\/hostnetart.com.br\/baixada\/wp-json\/wp\/v2\/tags?post=3905"}],"curies":[{"name":"wp","href":"https:\/\/api.w.org\/{rel}","templated":true}]}}