{"id":3901,"date":"2018-02-28T19:54:14","date_gmt":"2018-02-28T22:54:14","guid":{"rendered":"https:\/\/hostnetart.com.br\/baixada\/desemprego-atinge-12-7-milhoes-de-trabalhadores\/"},"modified":"2018-02-28T19:54:14","modified_gmt":"2018-02-28T22:54:14","slug":"desemprego-atinge-12-7-milhoes-de-trabalhadores","status":"publish","type":"post","link":"https:\/\/hostnetart.com.br\/baixada\/desemprego-atinge-12-7-milhoes-de-trabalhadores\/","title":{"rendered":"Desemprego atinge 12,7 milh\u00f5es de trabalhadores"},"content":{"rendered":"<div class=\"content\">\n<p>Tr\u00eas meses ap\u00f3s a entrada em vigor da reforma Trabalhista, que segundo o golpista e ileg\u00edtimo Michel Temer (MDB-SP) contribuiria para a gera\u00e7\u00e3o de postos de trabalho, aumentou o n\u00famero de desempregados no Brasil.<\/p>\n<p>O desemprego atingiu, em m\u00e9dia, 12,2% no trimestre de novembro do ano passado a janeiro de 2018, de acordo com dados do IBGE (Instituto Brasileiro de Geografia e Estat\u00edstica). O n\u00famero de desempregados no per\u00edodo foi de 12,7 milh\u00f5es de pessoas.<\/p>\n<p>Os dados foram divulgados nesta quarta-feira (28) e fazem parte da Pnad (Pesquisa Nacional por Amostra de Domic\u00edlios) Cont\u00ednua. A pesquisa n\u00e3o usa somente os trimestres tradicionais, mas per\u00edodos m\u00f3veis (como fevereiro, mar\u00e7o e abril; mar\u00e7o, abril e maio).<\/p>\n<p>A pesquisa comprova o que a CUT denunciou durante a tramita\u00e7\u00e3o da reforma Trabalhista de Temer. \u201cO que gera emprego n\u00e3o \u00e9 a flexibiliza\u00e7\u00e3o da legisla\u00e7\u00e3o trabalhista e, sim, uma economia forte, com projetos de investimentos p\u00fablicos e privados\u201d, diz Vagner Freitas, presidente da Central.<\/p>\n<p>Os governos Lula e Dima, lembra Vagner, geraram mais de 20 milh\u00f5es de empregos sem tirar um direito sequer dos trabalhadores e trabalhadoras.<\/p>\n<p>\u201cQuando os fundamentos da economia s\u00e3o consistentes, isso quer dizer, quando a ind\u00fastria cresce e o com\u00e9rcio e servi\u00e7o refletem esse crescimento, quando h\u00e1 investimentos p\u00fablicos e privados consistentes e valoriza\u00e7\u00e3o do emprego formal e de qualidade, como ocorreu no governo Lula, h\u00e1 gera\u00e7\u00e3o de emprego decente\u201d, argumenta Vagner.<\/p>\n<p><strong>Carteira assinada cai e informalidade aumenta<\/strong><br \/>O n\u00famero de trabalhadores e trabalhadoras com carteira assinada caiu 1,7% entre novembro de 2017 e janeiro de 2018 e o emprego informal continua ditando a regra.<\/p>\n<p>Nesse per\u00edodo, foram gerados 5,6% de empregos sem carteira assinada e 4,4% das chamadas vagas por conta pr\u00f3pria, ou seja, bico que os trabalhadores e trabalhadoras s\u00e3o obrigados a fazer para sobreviver com o m\u00ednimo de dignidade.<\/p>\n<p>Segundo o IBGE, na compara\u00e7\u00e3o com o trimestre anterior, tanto o n\u00famero de empregados com carteira de trabalho assinada (33,3 milh\u00f5es) e sem carteira assinada (11 milh\u00f5es) quanto o de trabalhadores por conta pr\u00f3pria (23,2 milh\u00f5es) ficaram est\u00e1veis.<\/p>\n<p><strong>Taxa m\u00e9dia de desemprego<\/strong><br \/>De 2014, quando a taxa de desocupa\u00e7\u00e3o atingiu o menor patamar (6,8%), para 2017, s\u00e3o quase 6,5 milh\u00f5es de desempregados a mais, um aumento de 96,2%.<\/p>\n<p>O pa\u00eds fechou o ano com 13,2 milh\u00f5es de pessoas sem emprego. Setores importantes da economia, da agricultura, da ind\u00fastria e da constru\u00e7\u00e3o foram os que mais perderam postos de trabalho.<\/p>\n<p><strong>Metodologia da pesquisa<\/strong><br \/>Os dados fazem parte da Pnad (Pesquisa Nacional por Amostra de Domic\u00edlios) Cont\u00ednua. S\u00e3o pesquisadas 211.344 casas em cerca de 3.500 munic\u00edpios. O IBGE considera desempregado quem n\u00e3o tem trabalho e procurou algum nos 30 dias anteriores \u00e0 semana em que os dados foram coletados.<\/p>\n<\/div>\n<p id=\"page-author\"><span style=\"text-decoration: underline;\"><em><strong>Fonte: CUT<\/strong><\/em><\/span><\/p>\n","protected":false},"excerpt":{"rendered":"<p>Tr\u00eas meses ap\u00f3s a entrada em vigor da reforma Trabalhista, que segundo o golpista e ileg\u00edtimo Michel Temer (MDB-SP) contribuiria para a gera\u00e7\u00e3o de postos de trabalho, aumentou o n\u00famero de desempregados no Brasil. O desemprego atingiu, em m\u00e9dia, 12,2% no trimestre de novembro do ano passado a janeiro de 2018, de acordo com dados [&hellip;]<\/p>\n","protected":false},"author":2,"featured_media":3900,"comment_status":"","ping_status":"","sticky":false,"template":"","format":"standard","meta":{"footnotes":""},"categories":[3],"tags":[],"class_list":["post-3901","post","type-post","status-publish","format-standard","has-post-thumbnail","hentry","category-noticias"],"_links":{"self":[{"href":"https:\/\/hostnetart.com.br\/baixada\/wp-json\/wp\/v2\/posts\/3901","targetHints":{"allow":["GET"]}}],"collection":[{"href":"https:\/\/hostnetart.com.br\/baixada\/wp-json\/wp\/v2\/posts"}],"about":[{"href":"https:\/\/hostnetart.com.br\/baixada\/wp-json\/wp\/v2\/types\/post"}],"author":[{"embeddable":true,"href":"https:\/\/hostnetart.com.br\/baixada\/wp-json\/wp\/v2\/users\/2"}],"replies":[{"embeddable":true,"href":"https:\/\/hostnetart.com.br\/baixada\/wp-json\/wp\/v2\/comments?post=3901"}],"version-history":[{"count":0,"href":"https:\/\/hostnetart.com.br\/baixada\/wp-json\/wp\/v2\/posts\/3901\/revisions"}],"wp:featuredmedia":[{"embeddable":true,"href":"https:\/\/hostnetart.com.br\/baixada\/wp-json\/wp\/v2\/media\/3900"}],"wp:attachment":[{"href":"https:\/\/hostnetart.com.br\/baixada\/wp-json\/wp\/v2\/media?parent=3901"}],"wp:term":[{"taxonomy":"category","embeddable":true,"href":"https:\/\/hostnetart.com.br\/baixada\/wp-json\/wp\/v2\/categories?post=3901"},{"taxonomy":"post_tag","embeddable":true,"href":"https:\/\/hostnetart.com.br\/baixada\/wp-json\/wp\/v2\/tags?post=3901"}],"curies":[{"name":"wp","href":"https:\/\/api.w.org\/{rel}","templated":true}]}}