{"id":3892,"date":"2018-02-27T17:57:54","date_gmt":"2018-02-27T20:57:54","guid":{"rendered":"https:\/\/hostnetart.com.br\/baixada\/contraf-cut-se-reune-com-itau-nesta-3-e-4-feiras\/"},"modified":"2018-02-27T17:57:54","modified_gmt":"2018-02-27T20:57:54","slug":"contraf-cut-se-reune-com-itau-nesta-3-e-4-feiras","status":"publish","type":"post","link":"https:\/\/hostnetart.com.br\/baixada\/contraf-cut-se-reune-com-itau-nesta-3-e-4-feiras\/","title":{"rendered":"Contraf-CUT se re\u00fane com Ita\u00fa nesta 3\u00aa e 4\u00aa feiras"},"content":{"rendered":"<div class=\"content\">\n<p>Representantes dos trabalhadores do Ita\u00fa se re\u00fanem nesta ter\u00e7a e quarta-feiras com o banco para tratar quest\u00f5es espec\u00edficas de sa\u00fade do trabalhador e outras que influenciam no cotidiano de trabalho dos funcion\u00e1rios do banco.<\/p>\n<p>O Grupo de Trabalho de Sa\u00fade do Ita\u00fa, formado por representantes da categoria e do banco, se re\u00fane nesta ter\u00e7a-feira (27). Ser\u00e3o continuados os debates da reuni\u00e3o passada, entre eles o programa de readapta\u00e7\u00e3o profissional e as cl\u00e1usulas 15, 29 e 65 da Conven\u00e7\u00e3o Coletiva de Trabalho (CCT) dos banc\u00e1rios. A Cl\u00e1usula 15 versa sobre o pagamento da cesta alimenta\u00e7\u00e3o; a 29 sobre a complementa\u00e7\u00e3o de aux\u00edlio-doen\u00e7a previdenci\u00e1rio e aux\u00edlio-doen\u00e7a acident\u00e1rio; e a 65 sobre o adiantamento emergencial de sal\u00e1rios nos per\u00edodos transit\u00f3rios especiais de afastamento por doen\u00e7a.<\/p>\n<p>\u00a0\u00a0\u00a0\u00a0\u00a0<strong>&gt;<\/strong>\u00a0<strong>Leia mais:<\/strong>\u00a0<ins><em><a href=\"http:\/\/www.contrafcut.org.br\/noticias\/gt-de-saude-e-condicoes-de-trabalho-do-itau-voltam-a-debater-o-programa-de-reada-6d12\" target=\"_blank\" rel=\"noopener noreferrer\">GT de Sa\u00fade e Condi\u00e7\u00f5es de Trabalho do Ita\u00fa volta a debater o Programa de Readapta\u00e7\u00e3o<\/a><\/em><\/ins><\/p>\n<p><strong>Reuni\u00e3o da COE<\/strong><br \/>A reuni\u00e3o da Comiss\u00e3o de Organiza\u00e7\u00e3o dos Empregados (COE) do Ita\u00fa com os representantes do banco acontece nesta quarta-feira (28). Al\u00e9m das cl\u00e1usulas a debatidas no GT de Sa\u00fade, a COE tamb\u00e9m debater\u00e1 sobre a cl\u00e1usula 62, que trata sobre a cria\u00e7\u00e3o dos Centros de Realoca\u00e7\u00e3o e requalifica\u00e7\u00e3o profissional.<\/p>\n<p><strong>Leia tamb\u00e9m:<\/strong><br \/>\u00a0\u00a0\u00a0\u00a0\u00a0<strong>&gt;<\/strong>\u00a0<ins><strong><a href=\"http:\/\/www.contrafcut.org.br\/noticias\/coe-do-itau-discute-clausulas-62-e-65-e-analisam-migracao-do-citibank-bcff\" target=\"_blank\" rel=\"noopener noreferrer\">COE do Ita\u00fa discute cl\u00e1usulas 62\u00aa e 65\u00aa e analisam migra\u00e7\u00e3o do Citibank<\/a><\/strong><\/ins><\/p>\n<\/div>\n<p id=\"page-author\"><strong>Fonte: Contraf-CUT<\/strong><\/p>\n","protected":false},"excerpt":{"rendered":"<p>Representantes dos trabalhadores do Ita\u00fa se re\u00fanem nesta ter\u00e7a e quarta-feiras com o banco para tratar quest\u00f5es espec\u00edficas de sa\u00fade do trabalhador e outras que influenciam no cotidiano de trabalho dos funcion\u00e1rios do banco. O Grupo de Trabalho de Sa\u00fade do Ita\u00fa, formado por representantes da categoria e do banco, se re\u00fane nesta ter\u00e7a-feira (27). [&hellip;]<\/p>\n","protected":false},"author":2,"featured_media":3891,"comment_status":"","ping_status":"","sticky":false,"template":"","format":"standard","meta":{"footnotes":""},"categories":[3],"tags":[],"class_list":["post-3892","post","type-post","status-publish","format-standard","has-post-thumbnail","hentry","category-noticias"],"_links":{"self":[{"href":"https:\/\/hostnetart.com.br\/baixada\/wp-json\/wp\/v2\/posts\/3892","targetHints":{"allow":["GET"]}}],"collection":[{"href":"https:\/\/hostnetart.com.br\/baixada\/wp-json\/wp\/v2\/posts"}],"about":[{"href":"https:\/\/hostnetart.com.br\/baixada\/wp-json\/wp\/v2\/types\/post"}],"author":[{"embeddable":true,"href":"https:\/\/hostnetart.com.br\/baixada\/wp-json\/wp\/v2\/users\/2"}],"replies":[{"embeddable":true,"href":"https:\/\/hostnetart.com.br\/baixada\/wp-json\/wp\/v2\/comments?post=3892"}],"version-history":[{"count":0,"href":"https:\/\/hostnetart.com.br\/baixada\/wp-json\/wp\/v2\/posts\/3892\/revisions"}],"wp:featuredmedia":[{"embeddable":true,"href":"https:\/\/hostnetart.com.br\/baixada\/wp-json\/wp\/v2\/media\/3891"}],"wp:attachment":[{"href":"https:\/\/hostnetart.com.br\/baixada\/wp-json\/wp\/v2\/media?parent=3892"}],"wp:term":[{"taxonomy":"category","embeddable":true,"href":"https:\/\/hostnetart.com.br\/baixada\/wp-json\/wp\/v2\/categories?post=3892"},{"taxonomy":"post_tag","embeddable":true,"href":"https:\/\/hostnetart.com.br\/baixada\/wp-json\/wp\/v2\/tags?post=3892"}],"curies":[{"name":"wp","href":"https:\/\/api.w.org\/{rel}","templated":true}]}}