{"id":3890,"date":"2018-02-27T14:39:22","date_gmt":"2018-02-27T17:39:22","guid":{"rendered":"https:\/\/hostnetart.com.br\/baixada\/equipe-economica-de-temer-time-dos-sonhos-do-mercado-financeiro\/"},"modified":"2018-02-27T14:39:22","modified_gmt":"2018-02-27T17:39:22","slug":"equipe-economica-de-temer-time-dos-sonhos-do-mercado-financeiro","status":"publish","type":"post","link":"https:\/\/hostnetart.com.br\/baixada\/equipe-economica-de-temer-time-dos-sonhos-do-mercado-financeiro\/","title":{"rendered":"Equipe econ\u00f4mica de Temer, &#8216;time dos sonhos&#8217; do mercado financeiro"},"content":{"rendered":"<p><em><span style=\"text-decoration: underline;\">Sob o argumento de que resolveria as contas p\u00fablicas, presidente aprofundou sem limites as pol\u00edticas neoliberais, com aval dos comentaristas econ\u00f4micos a sustentar o golpismo<\/span><\/em><\/p>\n<p>Com o fim do ciclo de forte crescimento econ\u00f4mico que marcou as tr\u00eas d\u00e9cadas posteriores \u00e0 segunda Guerra Mundial (1939-1945), o capitalismo ingressou em nova fase de expans\u00e3o sustentada pelo sistema de d\u00edvidas p\u00fablicas e privada. Sem mais a presen\u00e7a do crescimento cont\u00ednuo e elevado da produ\u00e7\u00e3o, emprego e renda, a l\u00f3gica de funcionamento dos mercados e do Estado mudou gradual e profundamente.<\/p>\n<p>O rentismo se fortaleceu rapidamente pelo sistema de d\u00edvidas privadas e p\u00fablicas a compensar a aus\u00eancia de lucros operacionais virtuosos nas empresas, de super\u00e1vit nas contas p\u00fablicas do Estado e de sal\u00e1rios decentes aos trabalhadores. Assim, a din\u00e2mica expansionista do capitalismo apoiou-se e enriqueceu sem paralelo hist\u00f3rico os credores das empresas, dos Estados e dos trabalhadores endividados, cada vez mais hegem\u00f4nicos no exerc\u00edcio do poder no mundo.<\/p>\n<p>Nesse sentido, o antigo monitoramento da riqueza referenciado pelos indicadores macroecon\u00f4micos tradicionais do comportamento econ\u00f4micos (produ\u00e7\u00e3o e vendas, emprego e sal\u00e1rio, tributos e gastos) foi substitu\u00eddo por medidas de capacidade dos devedores honrarem pagamentos devidos \u00e0s obriga\u00e7\u00f5es financeiras assumidas. Embora existissem desde o s\u00e9culo 19, as ag\u00eancias de classifica\u00e7\u00e3o de risco, sobretudo as chamadas The Big Three (Fitch Ratings, Standard &amp; Poor\u2019s e Moody\u2019s) que det\u00e9m 95% do mercado global de classifica\u00e7\u00e3o de cr\u00e9dito, assumiram papel destacado na regula\u00e7\u00e3o privada do rentismo global, pois atribuem notas de solvabilidade do endividado para atender o contrato no prazo prometido.<\/p>\n<p>Isso se tornou evidente aos brasileiros desde a inser\u00e7\u00e3o passiva e subordinada \u00e0 globaliza\u00e7\u00e3o financeira pelas vias das pol\u00edticas neoliberais dos governos da d\u00e9cada de 1990. Mesmo que defendessem insistentemente a obten\u00e7\u00e3o do grau de investimento concedido pelas ag\u00eancias de classifica\u00e7\u00e3o de riscos, as pol\u00edticas neoliberais jamais permitiram ao Brasil obter o selo de bom pagador.<\/p>\n<p>Somente com as pol\u00edticas p\u00f3s-neoliberais implementadas pelos governos liderados pelo Partido dos Trabalhadores que o Brasil obteve, em 2008, o grau de investimento concedido pelas ag\u00eancias de classifica\u00e7\u00e3o de risco. Mesmo tendo passado pela crise de dimens\u00e3o global naquele mesmo ano, o Brasil seguiu at\u00e9 2015 com a posse do selo de bom pagador.<\/p>\n<p>Ressalta-se que as ag\u00eancias de classifica\u00e7\u00e3o de risco foram muito criticadas e penalizadas na crise global de 2008, pois se mantiveram inertes diante do endividamento de pa\u00edses, empresas e indiv\u00edduos nos pa\u00edses ricos. Por conta disso, que os BRICS (Brasil, R\u00fassia, \u00cdndia, China e \u00c1frica do Sul) come\u00e7aram a tratar, embora sem ainda implementa\u00e7\u00e3o, de uma ag\u00eancia p\u00fablica de classifica\u00e7\u00e3o de riscos daquele conjunto de pa\u00edses.<\/p>\n<p>De todo o modo, conv\u00e9m ressaltar que desde o retorno do receitu\u00e1rio neoliberal estabelecido na recess\u00e3o de 2015, o pa\u00eds perdeu o selo de bom pagador, com o rebaixamento das ag\u00eancias internacionais de classifica\u00e7\u00e3o de riscos. Em 2018, o Brasil foi rebaixado novamente.<\/p>\n<p>O governo Temer, com a sua equipe econ\u00f4mica dos sonhos do mercado financeiro, aprofundou &#8211; sem limites &#8211; as pol\u00edticas neoliberais sob o argumento que o pa\u00eds resolveria o problema das contas p\u00fablicas. Mas o que se tem visto \u00e9 a amplia\u00e7\u00e3o do endividamento do Estado e a preval\u00eancia de elevados d\u00e9ficits p\u00fablicos, apesar de Meirelles &#8211; m\u00e3os de tesoura &#8211; atuar continuamente na destrui\u00e7\u00e3o dos direitos sociais e dos ativos nacionais.<\/p>\n<p>A colet\u00e2nea de fracassos da equipe econ\u00f4mica parece ineg\u00e1vel, salvo para os comentaristas econ\u00f4micos alinhados com o condom\u00ednio de interesses a sustentar o golpismo no Brasil. A mudan\u00e7a da agenda de reformas neoliberais para o militarismo da interven\u00e7\u00e3o no Rio de Janeiro, por enquanto, n\u00e3o deixa de ser mais um sinal de que da economia, o governo Temer n\u00e3o ter\u00e1 \u00eaxito a apontar.<\/p>\n<p><strong>FONTE: Rede Brasil Atual<\/strong><\/p>\n<p>\u00a0<\/p>\n","protected":false},"excerpt":{"rendered":"<p>Sob o argumento de que resolveria as contas p\u00fablicas, presidente aprofundou sem limites as pol\u00edticas neoliberais, com aval dos comentaristas econ\u00f4micos a sustentar o golpismo Com o fim do ciclo de forte crescimento econ\u00f4mico que marcou as tr\u00eas d\u00e9cadas posteriores \u00e0 segunda Guerra Mundial (1939-1945), o capitalismo ingressou em nova fase de expans\u00e3o sustentada pelo [&hellip;]<\/p>\n","protected":false},"author":2,"featured_media":3889,"comment_status":"","ping_status":"","sticky":false,"template":"","format":"standard","meta":{"footnotes":""},"categories":[3],"tags":[],"class_list":["post-3890","post","type-post","status-publish","format-standard","has-post-thumbnail","hentry","category-noticias"],"_links":{"self":[{"href":"https:\/\/hostnetart.com.br\/baixada\/wp-json\/wp\/v2\/posts\/3890","targetHints":{"allow":["GET"]}}],"collection":[{"href":"https:\/\/hostnetart.com.br\/baixada\/wp-json\/wp\/v2\/posts"}],"about":[{"href":"https:\/\/hostnetart.com.br\/baixada\/wp-json\/wp\/v2\/types\/post"}],"author":[{"embeddable":true,"href":"https:\/\/hostnetart.com.br\/baixada\/wp-json\/wp\/v2\/users\/2"}],"replies":[{"embeddable":true,"href":"https:\/\/hostnetart.com.br\/baixada\/wp-json\/wp\/v2\/comments?post=3890"}],"version-history":[{"count":0,"href":"https:\/\/hostnetart.com.br\/baixada\/wp-json\/wp\/v2\/posts\/3890\/revisions"}],"wp:featuredmedia":[{"embeddable":true,"href":"https:\/\/hostnetart.com.br\/baixada\/wp-json\/wp\/v2\/media\/3889"}],"wp:attachment":[{"href":"https:\/\/hostnetart.com.br\/baixada\/wp-json\/wp\/v2\/media?parent=3890"}],"wp:term":[{"taxonomy":"category","embeddable":true,"href":"https:\/\/hostnetart.com.br\/baixada\/wp-json\/wp\/v2\/categories?post=3890"},{"taxonomy":"post_tag","embeddable":true,"href":"https:\/\/hostnetart.com.br\/baixada\/wp-json\/wp\/v2\/tags?post=3890"}],"curies":[{"name":"wp","href":"https:\/\/api.w.org\/{rel}","templated":true}]}}