{"id":3874,"date":"2018-02-26T16:43:42","date_gmt":"2018-02-26T19:43:42","guid":{"rendered":"https:\/\/hostnetart.com.br\/baixada\/brasil-soma-26-4-milhoes-de-subempregados-segundo-pnad\/"},"modified":"2018-02-26T16:43:42","modified_gmt":"2018-02-26T19:43:42","slug":"brasil-soma-26-4-milhoes-de-subempregados-segundo-pnad","status":"publish","type":"post","link":"https:\/\/hostnetart.com.br\/baixada\/brasil-soma-26-4-milhoes-de-subempregados-segundo-pnad\/","title":{"rendered":"Brasil soma 26,4 milh\u00f5es de subempregados, segundo Pnad"},"content":{"rendered":"<div class=\"content\">\n<p>A taxa de subutiliza\u00e7\u00e3o da for\u00e7a de trabalho, ou seja, a soma de desempregados com aqueles que trabalham menos de 40 horas semanais, fechou o 4\u00ba trimestre de 2017 em 23,6% da popula\u00e7\u00e3o economicamente ativa do pa\u00eds. Em n\u00fameros reais, s\u00e3o 26,4 milh\u00f5es de subempregados.<\/p>\n<p>O levantamento da Pesquisa Nacional por Amostra de Domic\u00edlios (PNAD), divulgado nesta sexta-feira (23) pelo Instituto Brasileiro de Geografia e Estat\u00edstica (IBGE), mostra que as atividades da equipe econ\u00f4mica de Temer, liderada pelo ministro da Fazenda, Henrique Meirelles, n\u00e3o refletiram no aumento de vagas no mercado de trabalho, quest\u00e3o que mais preocupa a popula\u00e7\u00e3o brasileira do que a queda da infla\u00e7\u00e3o, defendida como um fator positivo da atua\u00e7\u00e3o do governo (escondendo que a queda geral nos pre\u00e7os de produtos est\u00e1 ligada tamb\u00e9m a baixa atividade da economia).<\/p>\n<p>Vale lembrar, ainda, que a falta de oportunidade \u00e9 uma das condi\u00e7\u00f5es que favorecem o aliciamento de jovens no crime organizado. Inclusive, o Rio de Janeiro aparece na pesquisa divulgada hoje entre os Estados com maior porcentagem de desempregados (15,1% do total da sua popula\u00e7\u00e3o).<\/p>\n<p>O dado da PNAD mostra melhora de apenas 0,3% na taxa de subutiliza\u00e7\u00e3o da for\u00e7a de trabalho em rela\u00e7\u00e3o ao 3\u00ba trimestre de 2017, por\u00e9m piora em rela\u00e7\u00e3o ao 4\u00ba trimestre de 2016, quando o \u00edndice foi de 22,2%. A taxa anual m\u00e9dia para 2017 ficou em 23,8%, a maior da s\u00e9rie hist\u00f3rica, iniciada no primeiro trimestre de 2012 (1,9 milh\u00e3o).<\/p>\n<p>Os estados da regi\u00e3o Nordeste do pa\u00eds apresentaram as piores porcentagens, com destaque para o Piau\u00ed (40,7%), seguido da Bahia (37,7%), Alagoas (36,5%) e Maranh\u00e3o (35,8%). J\u00e1 os estados com menores taxas foram Catarina (10,7%), Mato Grosso (14,3%), Rio Grande do Sul (15,5%) e Rond\u00f4nia (15,8%).<\/p>\n<p><strong>S\u00e3o 13,2 milh\u00f5es de desempregados<\/strong><br \/> A taxa de desemprego (desocupa\u00e7\u00e3o) atingiu 11,8% da popula\u00e7\u00e3o economicamente ativa no Brasil no 4\u00ba trimestre de 2017 (13,2 milh\u00f5es de pessoas), apresentando redu\u00e7\u00e3o de 0,6 ponto percentual em compara\u00e7\u00e3o com o 4\u00ba trimestre de 2016 (12,4%).<\/p>\n<p>J\u00e1, em compara\u00e7\u00e3o com o 3\u00ba trimestre de 2017, houve retra\u00e7\u00e3o do indicador em quase todas as regi\u00f5es, pontua o instituto: Norte (de 12,2% para 11,3%), Nordeste (de 14,8% para 13,8%) e Sudeste (de 13,2% para 12,6%).<\/p>\n<p>&#8220;O Nordeste (13,8%), apesar da queda na compara\u00e7\u00e3o trimestral, permaneceu com a maior taxa de desocupa\u00e7\u00e3o entre todas as regi\u00f5es&#8221;, conclui o IBGE em nota.<\/p>\n<p>Em compara\u00e7\u00e3o ao ano, a taxa recuou nas regi\u00f5es Norte, Nordeste e Centro-Oeste, e manteve-se est\u00e1vel no Sudeste e Sul.<\/p>\n<p>A Pnad aponta, ainda, que os Estados que apresentaram as maiores taxas de desemprego (ou desocupa\u00e7\u00e3o) no 4\u00ba trimestre de 2014 foram Amap\u00e1 (18,8%), Pernambuco (16,8%), Alagoas (15,5%), Rio de Janeiro (15,1%) e Bahia (15,0%).<\/p>\n<p>J\u00e1 os menores n\u00edveis de desocupa\u00e7\u00e3o foram observados em Santa Catarina (6,3%) Mato Grosso do Sul (7,3%), Mato Grosso (7,3%), Rond\u00f4nia (7,6%) e Rio Grande do Sul (8,0%).<\/p>\n<p><strong>Desalento<\/strong><br \/> Pela primeira vez, a Pnad Cont\u00ednua apresenta dados sobre o desalento, que se refere a parte da popula\u00e7\u00e3o economicamente ativa que n\u00e3o consegue trabalho seja por falta de experi\u00eancia (muito jovem), por ser idosa ou n\u00e3o ter disponibilidade de vagas na regi\u00e3o onde vive.<\/p>\n<p>A pesquisa aponta que no 4\u00ba trimestre de 2017, esse contingente foi de 4,3 milh\u00f5es, novamente, &#8220;o maior da s\u00e9rie hist\u00f3rica iniciada em 2012&#8221;, ressalta o IBGE em nota.<\/p>\n<p>O Nordeste \u00e9 registrado como a regi\u00e3o com o maior contingente de desalentados, ou 59,7% do total do pa\u00eds, com destaque para a Bahia (663 mil) e Maranh\u00e3o (410 mil), como estados com os maiores contingentes. J\u00e1 Alagoas, apresenta a maior taxa entre as unidades da Federa\u00e7\u00e3o (15,4%).<\/p>\n<\/div>\n<p id=\"page-author\"><span style=\"text-decoration: underline;\"><em><strong>Fonte: Jornal GGN<\/strong><\/em><\/span><\/p>\n","protected":false},"excerpt":{"rendered":"<p>A taxa de subutiliza\u00e7\u00e3o da for\u00e7a de trabalho, ou seja, a soma de desempregados com aqueles que trabalham menos de 40 horas semanais, fechou o 4\u00ba trimestre de 2017 em 23,6% da popula\u00e7\u00e3o economicamente ativa do pa\u00eds. Em n\u00fameros reais, s\u00e3o 26,4 milh\u00f5es de subempregados. O levantamento da Pesquisa Nacional por Amostra de Domic\u00edlios (PNAD), [&hellip;]<\/p>\n","protected":false},"author":2,"featured_media":3873,"comment_status":"","ping_status":"","sticky":false,"template":"","format":"standard","meta":{"footnotes":""},"categories":[3],"tags":[],"class_list":["post-3874","post","type-post","status-publish","format-standard","has-post-thumbnail","hentry","category-noticias"],"_links":{"self":[{"href":"https:\/\/hostnetart.com.br\/baixada\/wp-json\/wp\/v2\/posts\/3874","targetHints":{"allow":["GET"]}}],"collection":[{"href":"https:\/\/hostnetart.com.br\/baixada\/wp-json\/wp\/v2\/posts"}],"about":[{"href":"https:\/\/hostnetart.com.br\/baixada\/wp-json\/wp\/v2\/types\/post"}],"author":[{"embeddable":true,"href":"https:\/\/hostnetart.com.br\/baixada\/wp-json\/wp\/v2\/users\/2"}],"replies":[{"embeddable":true,"href":"https:\/\/hostnetart.com.br\/baixada\/wp-json\/wp\/v2\/comments?post=3874"}],"version-history":[{"count":0,"href":"https:\/\/hostnetart.com.br\/baixada\/wp-json\/wp\/v2\/posts\/3874\/revisions"}],"wp:featuredmedia":[{"embeddable":true,"href":"https:\/\/hostnetart.com.br\/baixada\/wp-json\/wp\/v2\/media\/3873"}],"wp:attachment":[{"href":"https:\/\/hostnetart.com.br\/baixada\/wp-json\/wp\/v2\/media?parent=3874"}],"wp:term":[{"taxonomy":"category","embeddable":true,"href":"https:\/\/hostnetart.com.br\/baixada\/wp-json\/wp\/v2\/categories?post=3874"},{"taxonomy":"post_tag","embeddable":true,"href":"https:\/\/hostnetart.com.br\/baixada\/wp-json\/wp\/v2\/tags?post=3874"}],"curies":[{"name":"wp","href":"https:\/\/api.w.org\/{rel}","templated":true}]}}