{"id":3866,"date":"2018-02-23T14:11:29","date_gmt":"2018-02-23T17:11:29","guid":{"rendered":"https:\/\/hostnetart.com.br\/baixada\/banco-do-brasil-paga-plr-no-dia-12-de-marco\/"},"modified":"2018-02-23T14:11:29","modified_gmt":"2018-02-23T17:11:29","slug":"banco-do-brasil-paga-plr-no-dia-12-de-marco","status":"publish","type":"post","link":"https:\/\/hostnetart.com.br\/baixada\/banco-do-brasil-paga-plr-no-dia-12-de-marco\/","title":{"rendered":"Banco do Brasil paga PLR no dia 12 de mar\u00e7o"},"content":{"rendered":"<div class=\"content\">\n<p>O Banco do Brasil informou na divulga\u00e7\u00e3o do lucro do ano de 2017 que o pagamento dos dividendos aos acionistas acontecer\u00e1 em 12\/03. A data \u00e9 a mesma na qual ocorre o pagamento aos acionistas, por\u00e9m, de acordo com Wagner Nascimento, coordenador da Comiss\u00e3o de Empresa dos Funcion\u00e1rios do BB, historicamente, a Confedera\u00e7\u00e3o Nacional dos Trabalhadores do Ramo Financeiro (Contraf-CUT) negociou com o banco para que seja efetuado o pagamento aos funcion\u00e1rios tamb\u00e9m na mesma data.<\/p>\n<p>Desta forma, o presidente do Banco do Brasil, Paulo Cafarelli, divulgou em sua rede social, ao responder a um banc\u00e1rio, que o cr\u00e9dito acontecer\u00e1 no dia 12 de mar\u00e7o.<\/p>\n<p>Em breve, a Contraf-CUT informar\u00e1 os c\u00e1lculos dos valores apurados pelo BB para cada grupo de funcion\u00e1rios, que ser\u00e3o conferidos pelo Departamento Intersindical de Estat\u00edstica e Estudos Socioecon\u00f4micos (Dieese) e pela Comiss\u00e3o de Empresa dos Funcion\u00e1rios do BB, como acontece a cada semestre.<\/p>\n<p>Para Wagner Nascimento, coordenador da Comiss\u00e3o de Empresa dos Funcion\u00e1rios, \u00e9 importante reafirmar as negocia\u00e7\u00f5es hist\u00f3ricas em defesa dos funcion\u00e1rios. \u201cNos primeiros pagamentos de PLR feitas no acordo coletivo, a proposta do BB era pagar em 30 dias ap\u00f3s o acordo e reduzimos para em at\u00e9 10 dias. Assim conseguimos negociar para que seja sempre no mesmo dia das assinaturas, bem como no mesmo dia do pagamento dos<\/p>\n<\/div>\n<p id=\"page-author\"><strong>Fonte: Contraf-CUT<\/strong><\/p>\n","protected":false},"excerpt":{"rendered":"<p>O Banco do Brasil informou na divulga\u00e7\u00e3o do lucro do ano de 2017 que o pagamento dos dividendos aos acionistas acontecer\u00e1 em 12\/03. A data \u00e9 a mesma na qual ocorre o pagamento aos acionistas, por\u00e9m, de acordo com Wagner Nascimento, coordenador da Comiss\u00e3o de Empresa dos Funcion\u00e1rios do BB, historicamente, a Confedera\u00e7\u00e3o Nacional dos [&hellip;]<\/p>\n","protected":false},"author":2,"featured_media":3865,"comment_status":"","ping_status":"","sticky":false,"template":"","format":"standard","meta":{"footnotes":""},"categories":[3],"tags":[],"class_list":["post-3866","post","type-post","status-publish","format-standard","has-post-thumbnail","hentry","category-noticias"],"_links":{"self":[{"href":"https:\/\/hostnetart.com.br\/baixada\/wp-json\/wp\/v2\/posts\/3866","targetHints":{"allow":["GET"]}}],"collection":[{"href":"https:\/\/hostnetart.com.br\/baixada\/wp-json\/wp\/v2\/posts"}],"about":[{"href":"https:\/\/hostnetart.com.br\/baixada\/wp-json\/wp\/v2\/types\/post"}],"author":[{"embeddable":true,"href":"https:\/\/hostnetart.com.br\/baixada\/wp-json\/wp\/v2\/users\/2"}],"replies":[{"embeddable":true,"href":"https:\/\/hostnetart.com.br\/baixada\/wp-json\/wp\/v2\/comments?post=3866"}],"version-history":[{"count":0,"href":"https:\/\/hostnetart.com.br\/baixada\/wp-json\/wp\/v2\/posts\/3866\/revisions"}],"wp:featuredmedia":[{"embeddable":true,"href":"https:\/\/hostnetart.com.br\/baixada\/wp-json\/wp\/v2\/media\/3865"}],"wp:attachment":[{"href":"https:\/\/hostnetart.com.br\/baixada\/wp-json\/wp\/v2\/media?parent=3866"}],"wp:term":[{"taxonomy":"category","embeddable":true,"href":"https:\/\/hostnetart.com.br\/baixada\/wp-json\/wp\/v2\/categories?post=3866"},{"taxonomy":"post_tag","embeddable":true,"href":"https:\/\/hostnetart.com.br\/baixada\/wp-json\/wp\/v2\/tags?post=3866"}],"curies":[{"name":"wp","href":"https:\/\/api.w.org\/{rel}","templated":true}]}}