{"id":3864,"date":"2018-02-23T14:07:29","date_gmt":"2018-02-23T17:07:29","guid":{"rendered":"https:\/\/hostnetart.com.br\/baixada\/caixa-anuncia-mais-uma-etapa-do-pde\/"},"modified":"2018-02-23T14:07:29","modified_gmt":"2018-02-23T17:07:29","slug":"caixa-anuncia-mais-uma-etapa-do-pde","status":"publish","type":"post","link":"https:\/\/hostnetart.com.br\/baixada\/caixa-anuncia-mais-uma-etapa-do-pde\/","title":{"rendered":"Caixa anuncia mais uma etapa do PDE"},"content":{"rendered":"<div class=\"content\">\n<p>A Caixa Econ\u00f4mica Federal anunciou, nesta quinta-feira (22), mais uma etapa do Programa de Desligamento de Empregados (PDE). Com a justificativa de reduzir custos e melhorar o capital financeiro, a institui\u00e7\u00e3o precariza as condi\u00e7\u00f5es de trabalho de seus empregados, j\u00e1 que pretende desligar 2964 pessoas sem reposi\u00e7\u00e3o. \u00a0\u201cO lan\u00e7amento do PDE da Caixa deixa claro a despreocupa\u00e7\u00e3o do banco com o atendimento e as condi\u00e7\u00f5es de trabalho. A ades\u00e3o \u00e0 este tipo de programa, sempre dissemos, deve \u00a0ser uma decis\u00e3o de car\u00e1ter pessoal e volunt\u00e1ria, mas a reposi\u00e7\u00e3o dos quadros \u00e9 uma obriga\u00e7\u00e3o da empresa. Queremos que a Caixa contrate ao inv\u00e9s de demitir\u201d, reivindicou Roberto von der Osten, presidente da Contraf-CUT.<br \/>De acordo com o comunicado interno feito pelo banco, os funcion\u00e1rios poder\u00e3o aderir ao PDE a partir do dia 23 de fevereiro at\u00e9 5 de mar\u00e7o. Os aptos devem estar aposentados pelo INSS at\u00e9 a data do desligamento, com exce\u00e7\u00e3o de aposentados por invalidez, ou serem trabalhadores que estejam aptos a se aposentarem pelo INSS at\u00e9 31 de dezembro deste ano, ou com no m\u00ednimo 15 anos de trabalho na Caixa, ou com adicional de incorpora\u00e7\u00e3o de fun\u00e7\u00e3o de confian\u00e7a ou cargo em fun\u00e7\u00e3o gratificada at\u00e9 a data de desligamento.<br \/>\u201cEste PDE \u00e9 parte de um processo de desmonte dos Bancos p\u00fablicos combinado com outras medidas que est\u00e3o sendo articuladas para reduzir sua atua\u00e7\u00e3o, como verificamos com o ataque dos bancos privados aos fundos do FGTS. Estes programas atingem fortemente a qualidade e as condi\u00e7\u00f5es de trabalho\u201d afirmou.\u00a0<br \/>Nesta quinta-feira (22), assistimos uma manifesta\u00e7\u00e3o sindical, em Curitiba, para denunciar as m\u00e1s condi\u00e7\u00f5es e as press\u00f5es a que os funcion\u00e1rios est\u00e3o sendo submetidos. \u201cTemos que intensificar a mobiliza\u00e7\u00e3o por todo o Brasil. N\u00e3o podemos permitir este desmonte dos Bancos p\u00fablicos e da sa\u00fade dos banc\u00e1rios que est\u00e1 sendo feito pelo governo golpista\u201d, completou.<\/p>\n<\/div>\n<p id=\"page-author\"><strong>Fonte: Contraf-CUT<\/strong><\/p>\n","protected":false},"excerpt":{"rendered":"<p>A Caixa Econ\u00f4mica Federal anunciou, nesta quinta-feira (22), mais uma etapa do Programa de Desligamento de Empregados (PDE). Com a justificativa de reduzir custos e melhorar o capital financeiro, a institui\u00e7\u00e3o precariza as condi\u00e7\u00f5es de trabalho de seus empregados, j\u00e1 que pretende desligar 2964 pessoas sem reposi\u00e7\u00e3o. \u00a0\u201cO lan\u00e7amento do PDE da Caixa deixa claro [&hellip;]<\/p>\n","protected":false},"author":2,"featured_media":3863,"comment_status":"","ping_status":"","sticky":false,"template":"","format":"standard","meta":{"footnotes":""},"categories":[3],"tags":[],"class_list":["post-3864","post","type-post","status-publish","format-standard","has-post-thumbnail","hentry","category-noticias"],"_links":{"self":[{"href":"https:\/\/hostnetart.com.br\/baixada\/wp-json\/wp\/v2\/posts\/3864","targetHints":{"allow":["GET"]}}],"collection":[{"href":"https:\/\/hostnetart.com.br\/baixada\/wp-json\/wp\/v2\/posts"}],"about":[{"href":"https:\/\/hostnetart.com.br\/baixada\/wp-json\/wp\/v2\/types\/post"}],"author":[{"embeddable":true,"href":"https:\/\/hostnetart.com.br\/baixada\/wp-json\/wp\/v2\/users\/2"}],"replies":[{"embeddable":true,"href":"https:\/\/hostnetart.com.br\/baixada\/wp-json\/wp\/v2\/comments?post=3864"}],"version-history":[{"count":0,"href":"https:\/\/hostnetart.com.br\/baixada\/wp-json\/wp\/v2\/posts\/3864\/revisions"}],"wp:featuredmedia":[{"embeddable":true,"href":"https:\/\/hostnetart.com.br\/baixada\/wp-json\/wp\/v2\/media\/3863"}],"wp:attachment":[{"href":"https:\/\/hostnetart.com.br\/baixada\/wp-json\/wp\/v2\/media?parent=3864"}],"wp:term":[{"taxonomy":"category","embeddable":true,"href":"https:\/\/hostnetart.com.br\/baixada\/wp-json\/wp\/v2\/categories?post=3864"},{"taxonomy":"post_tag","embeddable":true,"href":"https:\/\/hostnetart.com.br\/baixada\/wp-json\/wp\/v2\/tags?post=3864"}],"curies":[{"name":"wp","href":"https:\/\/api.w.org\/{rel}","templated":true}]}}