{"id":3860,"date":"2018-02-23T14:05:53","date_gmt":"2018-02-23T17:05:53","guid":{"rendered":"https:\/\/hostnetart.com.br\/baixada\/bancos-privados-querem-operar-file-do-fgts\/"},"modified":"2018-02-23T14:05:53","modified_gmt":"2018-02-23T17:05:53","slug":"bancos-privados-querem-operar-file-do-fgts","status":"publish","type":"post","link":"https:\/\/hostnetart.com.br\/baixada\/bancos-privados-querem-operar-file-do-fgts\/","title":{"rendered":"Bancos privados querem operar \u201cfil\u00e9\u201d do FGTS"},"content":{"rendered":"<div class=\"content\">\n<p>O jornal O Estado de S. Paulo publicou nesta quinta-feira (22), em sua Coluna do Broadcast, um texto confirmando que os bancos privados t\u00eam interesse em operar recursos do FGTS da linha Pr\u00f3-Cotista, destinado ao financiamento de im\u00f3veis.<\/p>\n<p>\u201cJ\u00e1 alert\u00e1vamos sobre isso faz muito tempo, mas ningu\u00e9m dava aten\u00e7\u00e3o, ou n\u00e3o queriam divulgar o fato antes que os bancos terminassem a proposta a ser acertada com o governo. Agora, com quase tudo pronto, soltam a not\u00edcia dizendo que foi furo de reportagem\u201d, disse Roberto von der Osten, presidente da Confedera\u00e7\u00e3o Nacional dos Trabalhadores do Ramo Financeiro (Contraf-CUT), observando que quando um assunto como esse \u00e9 publicado pela grande imprensa \u00e9 porque j\u00e1 est\u00e1 tudo acertado. \u201c\u00c9 bal\u00e3o de ensaio para verificar a rea\u00e7\u00e3o social\u201d.<\/p>\n<p>O pr\u00f3prio jornal observa que os bancos querem operar apenas essa fatia do FGTS por ser o \u201cfil\u00e9\u201d do mercado imobili\u00e1rio e do pr\u00f3prio fundo, mas n\u00e3o t\u00eam interesse no financiamento de obras de saneamento e mobilidade urbana.<\/p>\n<p>\u201cS\u00e3o os bancos p\u00fablicos, e n\u00e3o os privados, que investem no desenvolvimento do pa\u00eds. Os bancos privados querem, mais uma vez, se aproveitar da fragilidade do pa\u00eds para aumentar ainda mais seus lucros, que, no Brasil, j\u00e1 s\u00e3o astron\u00f4micos\u201d, criticou o presidente da Contraf-CUT.<\/p>\n<p>Para von der Osten, os bancos privados n\u00e3o querem cumprir seu papel social. \u201cFecham ag\u00eancias, principalmente nas cidades que consideram menos lucrativas, demitem funcion\u00e1rios e n\u00e3o concedem cr\u00e9dito \u00e0 popula\u00e7\u00e3o, quando essa mais precisa. Quando concedem, aumentam suas taxas de juros com a justificativa de que se trata de uma opera\u00e7\u00e3o de alto risco. O que querem \u00e9 ganhar sempre mais\u201d, afirmou. \u201cNa verdade, se os bancos privados assumirem a linha pr\u00f3-cotista do FGTS, quem correr\u00e1 risco \u00e9 justamente quem precisa usar recursos do FGTS para adquirir a casa pr\u00f3pria, que s\u00e3o os trabalhadores\u201d, ironizou o presidente da Contraf-CUT.<\/p>\n<p><strong>Faixa 1<\/strong><br \/>A ironia de von der Osten \u00e9 justific\u00e1vel. Se observarmos que os bancos s\u00e3o os principais atores sociais do mundo capitalista, onde o que se busca \u00e9 realmente o lucro, os trabalhadores da chamada faixa 1, que t\u00eam renda familiar de at\u00e9 R$ 1.800,00, devem ser prejudicados. \u201cOs bancos s\u00e3o gananciosos. N\u00e3o v\u00e3o querer construir im\u00f3veis para trabalhadores de baixa renda. Eles podem obter mais lucro investindo em grandes empreendimentos, que lhes garantem melhores taxas e os pre\u00e7os de im\u00f3veis s\u00e3o mais elevados\u201d, explicou o presidente da Contraf-CUT.<\/p>\n<p>O d\u00e9ficit habitacional no pa\u00eds \u00e9 de aproximadamente 6 milh\u00f5es de moradias. A maior parte est\u00e1 justamente entre a popula\u00e7\u00e3o da chamada faixa 1. Quase 85% das fam\u00edlias que figuram no indicador de d\u00e9ficit habitacional ganham at\u00e9 tr\u00eas sal\u00e1rios m\u00ednimos, segundo dados da Funda\u00e7\u00e3o Jo\u00e3o Pinheiro (FJP), adotado como oficial pelo Minist\u00e9rio das Cidades.<\/p>\n<\/div>\n<p id=\"page-author\"><span style=\"text-decoration: underline;\"><em><strong>Fonte: Contraf-CUT<\/strong><\/em><\/span><\/p>\n","protected":false},"excerpt":{"rendered":"<p>O jornal O Estado de S. Paulo publicou nesta quinta-feira (22), em sua Coluna do Broadcast, um texto confirmando que os bancos privados t\u00eam interesse em operar recursos do FGTS da linha Pr\u00f3-Cotista, destinado ao financiamento de im\u00f3veis. \u201cJ\u00e1 alert\u00e1vamos sobre isso faz muito tempo, mas ningu\u00e9m dava aten\u00e7\u00e3o, ou n\u00e3o queriam divulgar o fato [&hellip;]<\/p>\n","protected":false},"author":2,"featured_media":3859,"comment_status":"","ping_status":"","sticky":false,"template":"","format":"standard","meta":{"footnotes":""},"categories":[3],"tags":[],"class_list":["post-3860","post","type-post","status-publish","format-standard","has-post-thumbnail","hentry","category-noticias"],"_links":{"self":[{"href":"https:\/\/hostnetart.com.br\/baixada\/wp-json\/wp\/v2\/posts\/3860","targetHints":{"allow":["GET"]}}],"collection":[{"href":"https:\/\/hostnetart.com.br\/baixada\/wp-json\/wp\/v2\/posts"}],"about":[{"href":"https:\/\/hostnetart.com.br\/baixada\/wp-json\/wp\/v2\/types\/post"}],"author":[{"embeddable":true,"href":"https:\/\/hostnetart.com.br\/baixada\/wp-json\/wp\/v2\/users\/2"}],"replies":[{"embeddable":true,"href":"https:\/\/hostnetart.com.br\/baixada\/wp-json\/wp\/v2\/comments?post=3860"}],"version-history":[{"count":0,"href":"https:\/\/hostnetart.com.br\/baixada\/wp-json\/wp\/v2\/posts\/3860\/revisions"}],"wp:featuredmedia":[{"embeddable":true,"href":"https:\/\/hostnetart.com.br\/baixada\/wp-json\/wp\/v2\/media\/3859"}],"wp:attachment":[{"href":"https:\/\/hostnetart.com.br\/baixada\/wp-json\/wp\/v2\/media?parent=3860"}],"wp:term":[{"taxonomy":"category","embeddable":true,"href":"https:\/\/hostnetart.com.br\/baixada\/wp-json\/wp\/v2\/categories?post=3860"},{"taxonomy":"post_tag","embeddable":true,"href":"https:\/\/hostnetart.com.br\/baixada\/wp-json\/wp\/v2\/tags?post=3860"}],"curies":[{"name":"wp","href":"https:\/\/api.w.org\/{rel}","templated":true}]}}