{"id":3856,"date":"2018-02-22T14:13:22","date_gmt":"2018-02-22T17:13:22","guid":{"rendered":"https:\/\/hostnetart.com.br\/baixada\/trabalho-intermitente-contrata-6-mil-acordos-demitem-7-mil\/"},"modified":"2018-02-22T14:13:22","modified_gmt":"2018-02-22T17:13:22","slug":"trabalho-intermitente-contrata-6-mil-acordos-demitem-7-mil","status":"publish","type":"post","link":"https:\/\/hostnetart.com.br\/baixada\/trabalho-intermitente-contrata-6-mil-acordos-demitem-7-mil\/","title":{"rendered":"Trabalho intermitente contrata 6 mil. &#8216;Acordos&#8217; demitem 7 mil"},"content":{"rendered":"<p>Criado com a &#8220;reforma&#8221; da legisla\u00e7\u00e3o trabalhista e apresentado como uma das &#8220;solu\u00e7\u00f5es&#8221; para o desemprego, o trabalho intermitente teve 2.851 admitidos e 277 dispensados apenas em dezembro. Inclu\u00eddo em novembro, quando a Lei 13.467 entrou em vigor, s\u00e3o 5.971 admitidos e 330 dispensados, segundo dados divulgados hoje (26) pelo Minist\u00e9rio do Trabalho, <a class=\"internal-link\" title=\"\" href=\"http:\/\/www.redebrasilatual.com.br\/economia\/2018\/01\/mercado-fechou-vagas-em-2017-e-pagou-menos-aos-contratados-1\" target=\"_blank\" rel=\"noopener noreferrer\">como parte do Cadastro Geral de Empregados e Desempregados (Caged)<\/a>.<\/p>\n<p>Enquanto o trabalho intermitente, que sindicalistas chamam de &#8220;legaliza\u00e7\u00e3o do bico&#8221;, n\u00e3o chegou a criar 6 mil empregos tempor\u00e1rios em novembro e dezembro e j\u00e1 dispensou 300, os &#8220;acordos&#8221; entre patr\u00e3o e empregado para dispensa do trabalhador somaram perto de 7 mil (6.696) nesses dois meses. Essa modalidade, tamb\u00e9m prevista na &#8220;reforma&#8221;, permite a dispensa por comum acordo, em que o trabalhador abre m\u00e3o de parte de suas verbas rescis\u00f3rias.<\/p>\n<p>Isso aconteceu, principalmente, com ocupa\u00e7\u00f5es de menor remunera\u00e7\u00e3o, como auxiliares de escrit\u00f3rio e assistentes administrativos. Tamb\u00e9m atingiu alimentadores de linha de produ\u00e7\u00e3o, motoristas de \u00f4nibus e de caminh\u00e3o, operadores de caixa e faxineiros, entre outras. Homens na maioria (58,6%) e de 30 a 49 anos (50,1%) e com at\u00e9 segundo grau completo (58,2%)<\/p>\n<p>J\u00e1 no trabalho intermitente, mais de dois ter\u00e7os (3.903) s\u00e3o assistentes de vendas, 57% s\u00e3o mulheres, 64% t\u00eam at\u00e9 29 anos e 84% t\u00eam at\u00e9 o segundo grau completo.<\/p>\n<p>Respons\u00e1vel por acompanhar as movimenta\u00e7\u00f5es do mercado de trabalho, o Minist\u00e9rio do Trabalho completa um m\u00eas sem titular. Em 27 de dezembro, Ronaldo Nogueira pediu exonera\u00e7\u00e3o para retomar sua vaga na C\u00e2mara dos Deputados pelo PTB-RS. Nomeada por Michel Temer no in\u00edcio de janeiro, a tamb\u00e9m deputada Cristiane Brasil (PTB-RJ) n\u00e3o conseguiu tomar posse por seguidas decis\u00f5es judiciais. Agora, o caso est\u00e1 no Supremo Tribunal Federal.<\/p>\n<p><strong>FONTE: Rede Brasil Atual<\/strong><\/p>\n","protected":false},"excerpt":{"rendered":"<p>Criado com a &#8220;reforma&#8221; da legisla\u00e7\u00e3o trabalhista e apresentado como uma das &#8220;solu\u00e7\u00f5es&#8221; para o desemprego, o trabalho intermitente teve 2.851 admitidos e 277 dispensados apenas em dezembro. Inclu\u00eddo em novembro, quando a Lei 13.467 entrou em vigor, s\u00e3o 5.971 admitidos e 330 dispensados, segundo dados divulgados hoje (26) pelo Minist\u00e9rio do Trabalho, como parte [&hellip;]<\/p>\n","protected":false},"author":2,"featured_media":3855,"comment_status":"","ping_status":"","sticky":false,"template":"","format":"standard","meta":{"footnotes":""},"categories":[3],"tags":[],"class_list":["post-3856","post","type-post","status-publish","format-standard","has-post-thumbnail","hentry","category-noticias"],"_links":{"self":[{"href":"https:\/\/hostnetart.com.br\/baixada\/wp-json\/wp\/v2\/posts\/3856","targetHints":{"allow":["GET"]}}],"collection":[{"href":"https:\/\/hostnetart.com.br\/baixada\/wp-json\/wp\/v2\/posts"}],"about":[{"href":"https:\/\/hostnetart.com.br\/baixada\/wp-json\/wp\/v2\/types\/post"}],"author":[{"embeddable":true,"href":"https:\/\/hostnetart.com.br\/baixada\/wp-json\/wp\/v2\/users\/2"}],"replies":[{"embeddable":true,"href":"https:\/\/hostnetart.com.br\/baixada\/wp-json\/wp\/v2\/comments?post=3856"}],"version-history":[{"count":0,"href":"https:\/\/hostnetart.com.br\/baixada\/wp-json\/wp\/v2\/posts\/3856\/revisions"}],"wp:featuredmedia":[{"embeddable":true,"href":"https:\/\/hostnetart.com.br\/baixada\/wp-json\/wp\/v2\/media\/3855"}],"wp:attachment":[{"href":"https:\/\/hostnetart.com.br\/baixada\/wp-json\/wp\/v2\/media?parent=3856"}],"wp:term":[{"taxonomy":"category","embeddable":true,"href":"https:\/\/hostnetart.com.br\/baixada\/wp-json\/wp\/v2\/categories?post=3856"},{"taxonomy":"post_tag","embeddable":true,"href":"https:\/\/hostnetart.com.br\/baixada\/wp-json\/wp\/v2\/tags?post=3856"}],"curies":[{"name":"wp","href":"https:\/\/api.w.org\/{rel}","templated":true}]}}