{"id":3852,"date":"2018-02-22T13:41:36","date_gmt":"2018-02-22T16:41:36","guid":{"rendered":"https:\/\/hostnetart.com.br\/baixada\/contraf-cut-e-sindicatos-cobram-bnb-solucoes-para-faltas-de-greves-e-plr-2018\/"},"modified":"2018-02-22T13:41:36","modified_gmt":"2018-02-22T16:41:36","slug":"contraf-cut-e-sindicatos-cobram-bnb-solucoes-para-faltas-de-greves-e-plr-2018","status":"publish","type":"post","link":"https:\/\/hostnetart.com.br\/baixada\/contraf-cut-e-sindicatos-cobram-bnb-solucoes-para-faltas-de-greves-e-plr-2018\/","title":{"rendered":"Contraf-CUT e Sindicatos cobram BNB solu\u00e7\u00f5es para faltas de greves e PLR 2018"},"content":{"rendered":"<div class=\"content\">\n<p>A Confedera\u00e7\u00e3o Nacional dos Trabalhadores do Ramos Financeiro (Contraf-CUT) e Sindicatos que integram a Comiss\u00e3o Nacional dos Funcion\u00e1rios do Banco do Nordeste do Brasil S.A. ( BNB) estiveram reunidos com a dire\u00e7\u00e3o do BNB, na \u00faltima segunda-feira (19), dando continuidade ao processo de negocia\u00e7\u00e3o permanente para encaminhar a resolu\u00e7\u00e3o de pend\u00eancias e demandas de interesse das partes.<\/p>\n<p>As entidades representativas dos trabalhadores cobraram o banco em rela\u00e7\u00e3o ao abono das faltas das greves gerais de 28 de abril e 30 de junho do ano passado. Tomando por base decis\u00e3o j\u00e1 adotada pela dire\u00e7\u00e3o da Caixa Econ\u00f4mica Federal, os dirigentes sindicais reivindicaram \u00e0 dire\u00e7\u00e3o do BNB a imediata suspens\u00e3o dos reflexos das faltas na vida funcional dos trabalhadores. Cobraram ainda a defini\u00e7\u00e3o sobre o pagamento da Participa\u00e7\u00e3o nos Lucros e Resultados relativa ao exerc\u00edcio de 2017.<\/p>\n<p>Para a demanda das faltas, o Banco mostrou-se sensibilizado, mas ficou de responder oficialmente ao pleito integral das entidades (abono de faltas e compensa\u00e7\u00e3o das horas|) t\u00e3o logo tenha uma decis\u00e3o da diretoria colegiada da Institui\u00e7\u00e3o. Sobre a PLR, informou que a Assembleia dos Acionistas que aprova o balan\u00e7o do Banco e define os percentuais de pagamento de dividendos e da PLR, ocorrer\u00e1 dia 26 de mar\u00e7o deste ano. A partir da\u00ed correm os prazos legais, cuja finaliza\u00e7\u00e3o \u00e9 fixado at\u00e9 o final de abril de 2018.<\/p>\n<p><strong>IR SOBRE AUX\u00cdLIO CRECHE<\/strong><\/p>\n<p>A Diretoria Administrativa do BNB recebeu das entidades a informa\u00e7\u00e3o de que o Banco vem recolhendo imposto de renda sobre o valor do Aux\u00edlio-Creche. Informou que ir\u00e1 averiguar junto ao Jur\u00eddico da Institui\u00e7\u00e3o o que diz a legisla\u00e7\u00e3o em vigor para posicionar-se.<\/p>\n<p>Ficou acertado entre as partes reuni\u00f5es especificas para tratar, com urg\u00eancia, das repercuss\u00f5es das resolu\u00e7\u00f5es do CGPAR sobre a Camed. Tamb\u00e9m ser\u00e1 agendada reuni\u00e3o para expor a f\u00f3rmula de c\u00e1lculo da PLR.<\/p>\n<p>Ao final do encontro, o Banco apresentou esbo\u00e7o de minuta para o Acordo do Ponto Eletr\u00f4nico, o qual dever\u00e1 ser assinado na pr\u00f3xima reuni\u00e3o de negocia\u00e7\u00e3o pr\u00e9-agendada para a primeira semana de abril deste ano. Esse novo Acordo de Ponto Eletr\u00f4nico deve autorizar ajustes para flexibilizar os intervalos de almo\u00e7o tanto para funcion\u00e1rios de 6h ou de 8h de jornada e a permiss\u00e3o para compensar horas devidas em jornadas completas de 6h e 8h, limitados a duas jornadas completas compensadas por m\u00eas. Tamb\u00e9m determinar\u00e1 o fim da obrigatoriedade das mulheres que trabalham 6h, ao prorrogarem jornada, de cumprirem intervalo de 15 minutos.<\/p>\n<\/div>\n<p id=\"page-author\"><span style=\"text-decoration: underline;\"><strong><em>Fonte: Contraf-CUT<\/em><\/strong><\/span><\/p>\n","protected":false},"excerpt":{"rendered":"<p>A Confedera\u00e7\u00e3o Nacional dos Trabalhadores do Ramos Financeiro (Contraf-CUT) e Sindicatos que integram a Comiss\u00e3o Nacional dos Funcion\u00e1rios do Banco do Nordeste do Brasil S.A. ( BNB) estiveram reunidos com a dire\u00e7\u00e3o do BNB, na \u00faltima segunda-feira (19), dando continuidade ao processo de negocia\u00e7\u00e3o permanente para encaminhar a resolu\u00e7\u00e3o de pend\u00eancias e demandas de interesse [&hellip;]<\/p>\n","protected":false},"author":2,"featured_media":3851,"comment_status":"","ping_status":"","sticky":false,"template":"","format":"standard","meta":{"footnotes":""},"categories":[3],"tags":[],"class_list":["post-3852","post","type-post","status-publish","format-standard","has-post-thumbnail","hentry","category-noticias"],"_links":{"self":[{"href":"https:\/\/hostnetart.com.br\/baixada\/wp-json\/wp\/v2\/posts\/3852","targetHints":{"allow":["GET"]}}],"collection":[{"href":"https:\/\/hostnetart.com.br\/baixada\/wp-json\/wp\/v2\/posts"}],"about":[{"href":"https:\/\/hostnetart.com.br\/baixada\/wp-json\/wp\/v2\/types\/post"}],"author":[{"embeddable":true,"href":"https:\/\/hostnetart.com.br\/baixada\/wp-json\/wp\/v2\/users\/2"}],"replies":[{"embeddable":true,"href":"https:\/\/hostnetart.com.br\/baixada\/wp-json\/wp\/v2\/comments?post=3852"}],"version-history":[{"count":0,"href":"https:\/\/hostnetart.com.br\/baixada\/wp-json\/wp\/v2\/posts\/3852\/revisions"}],"wp:featuredmedia":[{"embeddable":true,"href":"https:\/\/hostnetart.com.br\/baixada\/wp-json\/wp\/v2\/media\/3851"}],"wp:attachment":[{"href":"https:\/\/hostnetart.com.br\/baixada\/wp-json\/wp\/v2\/media?parent=3852"}],"wp:term":[{"taxonomy":"category","embeddable":true,"href":"https:\/\/hostnetart.com.br\/baixada\/wp-json\/wp\/v2\/categories?post=3852"},{"taxonomy":"post_tag","embeddable":true,"href":"https:\/\/hostnetart.com.br\/baixada\/wp-json\/wp\/v2\/tags?post=3852"}],"curies":[{"name":"wp","href":"https:\/\/api.w.org\/{rel}","templated":true}]}}