{"id":3850,"date":"2018-02-22T13:37:47","date_gmt":"2018-02-22T16:37:47","guid":{"rendered":"https:\/\/hostnetart.com.br\/baixada\/itau-pagara-a-plr-no-dia-1-de-marco\/"},"modified":"2018-02-22T13:37:47","modified_gmt":"2018-02-22T16:37:47","slug":"itau-pagara-a-plr-no-dia-1-de-marco","status":"publish","type":"post","link":"https:\/\/hostnetart.com.br\/baixada\/itau-pagara-a-plr-no-dia-1-de-marco\/","title":{"rendered":"Ita\u00fa pagar\u00e1 a PLR no dia 1\u00ba de mar\u00e7o"},"content":{"rendered":"<h2><em><span style=\"text-decoration: underline;\">\u200bBanco que lucrou R$ 25 bilh\u00f5es poderia reconhecer esfor\u00e7o de seus funcion\u00e1rios<\/span><\/em><\/h2>\n<div class=\"content\">\n<p>O banco Ita\u00fa enviou um comunicado aos seus funcion\u00e1rios informando que realizar\u00e1 o pagamento da Participa\u00e7\u00e3o nos Lucros e Resultados (PLR) de 2017 no dia 1\u00ba de mar\u00e7o, de acordo com as regras previstas na Conven\u00e7\u00e3o Coletiva de Trabalho (CCT) da Categoria e no Aditivo espec\u00edfico do banco. Segundo o banco, o valor a ser pago corresponde ao m\u00e1ximo previsto na CCT, equivalente a 2,2 sal\u00e1rios, limitada a R$ 26.478,55. Tamb\u00e9m ser\u00e3o pagas no mesmo dia a parcela correspondente \u00e0 PLR Adicional no valor de R$ 4.487,16, descontados os valores pagos antecipadamente.<\/p>\n<p>\u201cN\u00e3o concordamos que seja o valor m\u00e1ximo que o banco poderia pagar. A CCT estabelece o valor m\u00ednimo da participa\u00e7\u00e3o nos lucros. Os funcion\u00e1rios se esfor\u00e7aram para que o banco obtivesse o enorme lucro de quase R$ 25 bilh\u00f5es em 2017. O banco deveria reconhecer esse esfor\u00e7o e promover uma distribui\u00e7\u00e3o acima do m\u00ednimo estipulado\u201d, disse Roberto von der Osten, presidente da Confedera\u00e7\u00e3o Nacional dos Trabalhadores do Ramo Financeiro (Contraf-CUT).<\/p>\n<p><strong>PCR<\/strong><br \/> Al\u00e9m da PLR, os funcion\u00e1rios do Ita\u00fa tamb\u00e9m recebem a Participa\u00e7\u00e3o Complementar dos Resultados (PCR), que neste ano foi de R$ 2.535,87. \u201cEsse valor j\u00e1 pago antecipadamente em outubro\u201d, lembrou Jair Alves coordenador da Comiss\u00e3o de Organiza\u00e7\u00e3o dos Empregados (COE) do Ita\u00fa e diretor da Contraf-CUT.<\/p>\n<p><strong>Citibank<\/strong><br \/> Os funcion\u00e1rios egressos do Citibank, incorporado pelo Ita\u00fa, tamb\u00e9m receber\u00e3o neste mesmo dia. \u201cO valor referente aos 2,2 sal\u00e1rios de PLR a ser pago aos ex-funcion\u00e1rios do Citibank ser\u00e3o pagos sobre o lucro do Ita\u00fa. Eles tamb\u00e9m receber\u00e3o 2\/12 avos da PCR do Ita\u00fa e os valores referentes ao programa pr\u00f3prio do Citibank, conforme regras estabelecidas\u201d, detalhou o dirigente sindical.<\/p>\n<p>Todos os valores s\u00e3o proporcionais aos meses trabalhados no ano. Considera m\u00eas trabalhado os per\u00edodos superiores a 15 dias.<\/p>\n<p><strong>Leia tamb\u00e9m:<\/strong><br \/> \u00a0 \u00a0 \u00a0&gt;\u00a0<ins><strong><a href=\"http:\/\/www.contrafcut.org.br\/noticias\/itau-lucra-quase-r-25-bi-em-2017-ae6a\/\" target=\"_blank\" rel=\"noopener noreferrer\">Ita\u00fa lucra quase R$ 25 bi em 2017<\/a><\/strong><\/ins><\/p>\n<\/div>\n<p id=\"page-author\"><span style=\"text-decoration: underline;\"><em><strong>Fonte: Contraf-CUT<\/strong><\/em><\/span><\/p>\n","protected":false},"excerpt":{"rendered":"<p>\u200bBanco que lucrou R$ 25 bilh\u00f5es poderia reconhecer esfor\u00e7o de seus funcion\u00e1rios O banco Ita\u00fa enviou um comunicado aos seus funcion\u00e1rios informando que realizar\u00e1 o pagamento da Participa\u00e7\u00e3o nos Lucros e Resultados (PLR) de 2017 no dia 1\u00ba de mar\u00e7o, de acordo com as regras previstas na Conven\u00e7\u00e3o Coletiva de Trabalho (CCT) da Categoria e [&hellip;]<\/p>\n","protected":false},"author":2,"featured_media":3849,"comment_status":"","ping_status":"","sticky":false,"template":"","format":"standard","meta":{"footnotes":""},"categories":[3],"tags":[],"class_list":["post-3850","post","type-post","status-publish","format-standard","has-post-thumbnail","hentry","category-noticias"],"_links":{"self":[{"href":"https:\/\/hostnetart.com.br\/baixada\/wp-json\/wp\/v2\/posts\/3850","targetHints":{"allow":["GET"]}}],"collection":[{"href":"https:\/\/hostnetart.com.br\/baixada\/wp-json\/wp\/v2\/posts"}],"about":[{"href":"https:\/\/hostnetart.com.br\/baixada\/wp-json\/wp\/v2\/types\/post"}],"author":[{"embeddable":true,"href":"https:\/\/hostnetart.com.br\/baixada\/wp-json\/wp\/v2\/users\/2"}],"replies":[{"embeddable":true,"href":"https:\/\/hostnetart.com.br\/baixada\/wp-json\/wp\/v2\/comments?post=3850"}],"version-history":[{"count":0,"href":"https:\/\/hostnetart.com.br\/baixada\/wp-json\/wp\/v2\/posts\/3850\/revisions"}],"wp:featuredmedia":[{"embeddable":true,"href":"https:\/\/hostnetart.com.br\/baixada\/wp-json\/wp\/v2\/media\/3849"}],"wp:attachment":[{"href":"https:\/\/hostnetart.com.br\/baixada\/wp-json\/wp\/v2\/media?parent=3850"}],"wp:term":[{"taxonomy":"category","embeddable":true,"href":"https:\/\/hostnetart.com.br\/baixada\/wp-json\/wp\/v2\/categories?post=3850"},{"taxonomy":"post_tag","embeddable":true,"href":"https:\/\/hostnetart.com.br\/baixada\/wp-json\/wp\/v2\/tags?post=3850"}],"curies":[{"name":"wp","href":"https:\/\/api.w.org\/{rel}","templated":true}]}}