{"id":3839,"date":"2018-02-20T15:32:33","date_gmt":"2018-02-20T18:32:33","guid":{"rendered":"https:\/\/hostnetart.com.br\/baixada\/intervencao-no-rio-moradores-das-favelas-sao-os-que-mais-sofrerao\/"},"modified":"2018-02-20T15:32:33","modified_gmt":"2018-02-20T18:32:33","slug":"intervencao-no-rio-moradores-das-favelas-sao-os-que-mais-sofrerao","status":"publish","type":"post","link":"https:\/\/hostnetart.com.br\/baixada\/intervencao-no-rio-moradores-das-favelas-sao-os-que-mais-sofrerao\/","title":{"rendered":"Interven\u00e7\u00e3o no Rio: moradores das favelas s\u00e3o os que mais sofrer\u00e3o"},"content":{"rendered":"<p>Para o ex-ministro de Direitos Humanos no governo FHC e professor aposentado de Ci\u00eancia Pol\u00edtica da Universidade de S\u00e3o Paulo (<a class=\"external-link\" title=\"\" href=\"http:\/\/www5.usp.br\/\" target=\"_blank\" rel=\"noopener noreferrer\">USP<\/a>)\u00a0Paulo S\u00e9rgio Pinheiro, a decis\u00e3o do governo Temer de <a class=\"internal-link\" title=\"\" href=\"http:\/\/www.redebrasilatual.com.br\/politica\/2018\/02\/intervencao-federal-a-restricao-aos-direitos-civis-em-um-quadro-de-convulsao-social\" target=\"_blank\" rel=\"noopener noreferrer\">intervir na seguran\u00e7a do Rio de Janeiro<\/a> \u00e9 &#8220;desastrada&#8221;, &#8220;in\u00f3cua&#8221; e &#8220;n\u00e3o vai resolver absolutamente nada&#8221;.<\/p>\n<p>&#8220;Os grandes traficantes est\u00e3o na Avenida Atl\u00e2ntica, na Barra da Tijuca, ou em Miami. Quem vai pagar por essa interven\u00e7\u00e3o s\u00e3o os <a class=\"internal-link\" title=\"\" href=\"http:\/\/www.redebrasilatual.com.br\/cidadania\/2018\/02\/federacao-de-favelas-do-rio-repudia-intervencao-federal-decretada-por-temer\" target=\"_blank\" rel=\"noopener noreferrer\">moradores das comunidades<\/a>, das favelas.\u00a0\u00c9 totalmente in\u00f3cuo. As For\u00e7as Armadas n\u00e3o t\u00eam nenhuma compet\u00eancia para lidar com a criminalidade, seja o crime comum ou organizado. A curto prazo, n\u00e3o vai resolver absolutamente nada, s\u00f3 vai agravar a situa\u00e7\u00e3o&#8221;, afirmou Pinheiro \u00e0 <strong>R\u00e1dio Brasil Atual <\/strong>nesta segunda-feira (19).\u00a0<\/p>\n<p>Ele tamb\u00e9m refutou o argumento oficial que tenta dar ares civis \u00e0 interven\u00e7\u00e3o. &#8220;\u00c9 na verdade uma interven\u00e7\u00e3o militar, j\u00e1 que o setor de seguran\u00e7a passa a ser controlado pelas For\u00e7as Armadas, como na ditadura.&#8221;\u00a0<\/p>\n<p>Pinheiro ainda classificou como &#8220;esc\u00e2ndalo para a democracia&#8221; a possibilidade de eventuais crimes cometidos por agentes das for\u00e7as armadas venham a ser julgados pela Justi\u00e7a Militar, conforme determina lei sancionada por Temer em outubro passado, assim como a proposta de utiliza\u00e7\u00e3o de mandados coletivos de busca e apreens\u00e3o a ser utilizado contra as comunidades.\u00a0<\/p>\n<p>Para o coordenador nacional do Movimento dos Trabalhadores Rurais Sem Terra (\u00a0<a class=\"external-link\" title=\"\" href=\"http:\/\/www.mst.org.br\" target=\"_blank\" rel=\"noopener noreferrer\">MST<\/a>), Gilmar Mauro, que tamb\u00e9m falou \u00e0 <strong>R\u00e1dio Brasil Atual,\u00a0<\/strong>a interven\u00e7\u00e3o no Rio de Janeiro serviu como &#8220;cortina de fuma\u00e7a&#8221; para encobrir a <a class=\"internal-link\" title=\"\" href=\"http:\/\/www.redebrasilatual.com.br\/politica\/2018\/02\/trabalhadores-comemoram-mas-vao-continuar-alertas-contra-manobras-de-temer\" target=\"_blank\" rel=\"noopener noreferrer\">derrota sofrida pelo governo na tentativa frustrada de mexer nas regras das aposentadorias<\/a>. Ele tamb\u00e9m prev\u00ea que os maiores prejudicados ser\u00e3o &#8220;a classe trabalhadora e a popula\u00e7\u00e3o mais pobre.&#8221;<\/p>\n<p>Para Mauro, n\u00e3o se trata apenas de militariza\u00e7\u00e3o da seguran\u00e7a p\u00fablica, &#8220;\u00e9 a militariza\u00e7\u00e3o da pol\u00edtica&#8221;. Ele ainda prev\u00ea que o governo Temer possa fazer todo o poss\u00edvel para evitar a ocorr\u00eancia normal das elei\u00e7\u00f5es em outubro, de modo a tentar salvar o projeto de desmonte do Estado, que poderia ser revertido com a escolha de um candidato popular.\u00a0<\/p>\n","protected":false},"excerpt":{"rendered":"<p>Para o ex-ministro de Direitos Humanos no governo FHC e professor aposentado de Ci\u00eancia Pol\u00edtica da Universidade de S\u00e3o Paulo (USP)\u00a0Paulo S\u00e9rgio Pinheiro, a decis\u00e3o do governo Temer de intervir na seguran\u00e7a do Rio de Janeiro \u00e9 &#8220;desastrada&#8221;, &#8220;in\u00f3cua&#8221; e &#8220;n\u00e3o vai resolver absolutamente nada&#8221;. &#8220;Os grandes traficantes est\u00e3o na Avenida Atl\u00e2ntica, na Barra da [&hellip;]<\/p>\n","protected":false},"author":2,"featured_media":3838,"comment_status":"","ping_status":"","sticky":false,"template":"","format":"standard","meta":{"footnotes":""},"categories":[3],"tags":[],"class_list":["post-3839","post","type-post","status-publish","format-standard","has-post-thumbnail","hentry","category-noticias"],"_links":{"self":[{"href":"https:\/\/hostnetart.com.br\/baixada\/wp-json\/wp\/v2\/posts\/3839","targetHints":{"allow":["GET"]}}],"collection":[{"href":"https:\/\/hostnetart.com.br\/baixada\/wp-json\/wp\/v2\/posts"}],"about":[{"href":"https:\/\/hostnetart.com.br\/baixada\/wp-json\/wp\/v2\/types\/post"}],"author":[{"embeddable":true,"href":"https:\/\/hostnetart.com.br\/baixada\/wp-json\/wp\/v2\/users\/2"}],"replies":[{"embeddable":true,"href":"https:\/\/hostnetart.com.br\/baixada\/wp-json\/wp\/v2\/comments?post=3839"}],"version-history":[{"count":0,"href":"https:\/\/hostnetart.com.br\/baixada\/wp-json\/wp\/v2\/posts\/3839\/revisions"}],"wp:featuredmedia":[{"embeddable":true,"href":"https:\/\/hostnetart.com.br\/baixada\/wp-json\/wp\/v2\/media\/3838"}],"wp:attachment":[{"href":"https:\/\/hostnetart.com.br\/baixada\/wp-json\/wp\/v2\/media?parent=3839"}],"wp:term":[{"taxonomy":"category","embeddable":true,"href":"https:\/\/hostnetart.com.br\/baixada\/wp-json\/wp\/v2\/categories?post=3839"},{"taxonomy":"post_tag","embeddable":true,"href":"https:\/\/hostnetart.com.br\/baixada\/wp-json\/wp\/v2\/tags?post=3839"}],"curies":[{"name":"wp","href":"https:\/\/api.w.org\/{rel}","templated":true}]}}