{"id":3837,"date":"2018-02-20T11:25:13","date_gmt":"2018-02-20T14:25:13","guid":{"rendered":"https:\/\/hostnetart.com.br\/baixada\/trabalhadores-comemoram-suspensao-de-reforma-mas-vao-continuar-mobilizados\/"},"modified":"2018-02-20T11:25:13","modified_gmt":"2018-02-20T14:25:13","slug":"trabalhadores-comemoram-suspensao-de-reforma-mas-vao-continuar-mobilizados","status":"publish","type":"post","link":"https:\/\/hostnetart.com.br\/baixada\/trabalhadores-comemoram-suspensao-de-reforma-mas-vao-continuar-mobilizados\/","title":{"rendered":"Trabalhadores comemoram suspens\u00e3o de reforma, mas v\u00e3o continuar mobilizados"},"content":{"rendered":"<p class=\" \" dir=\"ltr\">Finalizando o dia nacional de mobiliza\u00e7\u00e3o contra a &#8220;reforma&#8221; da Previd\u00eancia, cerca de 20 mil pessoas protestaram na Avenida Paulista, em S\u00e3o Paulo, no fim da tarde desta segunda-feira (19). Se por um lado os trabalhadores comemoraram a retirada de pauta da Proposta de Emenda \u00e0 Constitui\u00e7\u00e3o (PEC) 287, por outro garantiram que n\u00e3o v\u00e3o vacilar e seguir\u00e3o mobilizados. &#8220;Continuaremos em estado de greve, alertas e pressionando os deputados. Derrotamos a Globo, o presidente (Michel) Temer, o Moro e os bancos e isso \u00e9 gra\u00e7as aos trabalhadores&#8221;, afirmou o presidente da CUT, Vagner Freitas.<\/p>\n<p class=\" \" dir=\"ltr\">Para o sindicalista, Temer tentou uma cortina de fuma\u00e7a ao decretar interven\u00e7\u00e3o federal no Rio de Janeiro. &#8220;Foi mais uma manobra do golpista. N\u00f3s somos contra a interven\u00e7\u00e3o, at\u00e9 porque n\u00e3o \u00e9 fun\u00e7\u00e3o do Ex\u00e9rcito cuidar da seguran\u00e7a p\u00fablica. Tem de ficar atento, porque pode estender isso para outros estados com o objetivo de fortalecer o golpe&#8221;, afirmou.<\/p>\n<p class=\" \" dir=\"ltr\">\u00a0<\/p>\n<dl class=\"image-left captioned\" style=\"width: 360px;\">\n<dt><span class=\"tile-rights\">Roberto Parizotti\/CUT<\/span> <a href=\"http:\/\/www.redebrasilatual.com.br\/politica\/2018\/02\/trabalhadores-comemoram-mas-vao-continuar-alertas-contra-manobras-de-temer\/ato-contra-a-reforma-da-prev19fev18-1.jpg\" rel=\"lightbox\"><img fetchpriority=\"high\" decoding=\"async\" class=\" lazyloaded\" title=\"ato contra a reforma da prev19fev18-1.jpg\" src=\"http:\/\/www.redebrasilatual.com.br\/politica\/2018\/02\/trabalhadores-comemoram-mas-vao-continuar-alertas-contra-manobras-de-temer\/ato-contra-a-reforma-da-prev19fev18-1.jpg\/@@images\/94ba614f-b688-443a-9838-68bed8b58cc5.jpeg\" alt=\"ato contra a reforma da prev19fev18-1.jpg\" width=\"360\" height=\"226\" data-src=\"http:\/\/www.redebrasilatual.com.br\/politica\/2018\/02\/trabalhadores-comemoram-mas-vao-continuar-alertas-contra-manobras-de-temer\/ato-contra-a-reforma-da-prev19fev18-1.jpg\/@@images\/94ba614f-b688-443a-9838-68bed8b58cc5.jpeg\" \/><\/a><\/dt>\n<dd class=\"image-caption\" style=\"width: 360px;\">Vagner Freitas: &#8216;N\u00f3s somos contra a interven\u00e7\u00e3o, at\u00e9 porque n\u00e3o \u00e9 fun\u00e7\u00e3o do Ex\u00e9rcito cuidar da seguran\u00e7a p\u00fablica&#8217;<\/dd>\n<\/dl>\n<p>\u00a0<\/p>\n<p class=\" \" dir=\"ltr\">Hoje, o presidente do Senado, Eun\u00edcio Oliveira (MDB-CE), declarou que n\u00e3o vai haver vota\u00e7\u00e3o de qualquer PEC durante a vig\u00eancia do decreto de interven\u00e7\u00e3o federal. E garantiu que n\u00e3o vai haver suspens\u00e3o tempor\u00e1ria.\u00a0Com a decis\u00e3o de Oliveira, 190 PECs deixam de tramitar, entre as quais a do fim do foro privilegiado. A decis\u00e3o vale at\u00e9 31 de dezembro, mesma data do decreto de interven\u00e7\u00e3o. Se o decreto for revogado, as PECs podem voltar a tramitar.\u00a0<\/p>\n<p class=\" \" dir=\"ltr\">Para a presidenta da Uni\u00e3o Nacional dos Estudantes (UNE), Marianna Dias, a interven\u00e7\u00e3o \u00e9 uma chantagem do governo Temer para usar como moeda de troca pela aprova\u00e7\u00e3o da reforma da Previd\u00eancia. &#8220;Uma chantagem feita com a vida \u00e9 o sangue do povo pobre das favelas cariocas&#8221;, afirmou.\u00a0<\/p>\n<p class=\" \" dir=\"ltr\">Ela ressaltou que, com a efetiva\u00e7\u00e3o da retirada de pauta da reforma, a pauta principal dos estudantes seria a garantia de elei\u00e7\u00f5es democr\u00e1ticas.&#8221;N\u00e3o est\u00e1 dado que v\u00e3o ocorrer elei\u00e7\u00f5es livres para o povo escolher o pr\u00f3ximo presidente. \u00c9 preciso lutar para garantir isso. O povo sabe o que est\u00e1 acontecendo, usou do carnaval para se manifestar e isso preocupou os golpistas&#8221;, completou.<\/p>\n<p class=\" \" dir=\"ltr\">O coordenador nacional da Frente Brasil Popular Raimundo Bonfim foi a lideran\u00e7a que demonstrou\u00a0maior desconfian\u00e7a da decis\u00e3o de Temer. &#8220;Isso pode ser mais uma jogada do governo golpista. Precisamos manter a mobiliza\u00e7\u00e3o e ficar muito atentos. Os maiores interessados na reforma s\u00e3o os grupos de previd\u00eancia privada e os bancos&#8221;, afirmou.<\/p>\n<p class=\" \" dir=\"ltr\">Para a coordenadora estadual do Movimento dos Trabalhadores Sem Teto (MTST) Nat\u00e1lia Szermeta, o governo Temer est\u00e1 de costas para a popula\u00e7\u00e3o. &#8220;Tudo que este governo faz \u00e9 contra o povo pobre e trabalhador. O que o Rio de Janeiro precisa \u00e9 de pagamento do sal\u00e1rio dos servidores em dia, interven\u00e7\u00e3o social. N\u00e3o vamos aceitar que a juventude do Rio pague com a vida&#8221;, afirmou.<\/p>\n","protected":false},"excerpt":{"rendered":"<p>Finalizando o dia nacional de mobiliza\u00e7\u00e3o contra a &#8220;reforma&#8221; da Previd\u00eancia, cerca de 20 mil pessoas protestaram na Avenida Paulista, em S\u00e3o Paulo, no fim da tarde desta segunda-feira (19). Se por um lado os trabalhadores comemoraram a retirada de pauta da Proposta de Emenda \u00e0 Constitui\u00e7\u00e3o (PEC) 287, por outro garantiram que n\u00e3o v\u00e3o [&hellip;]<\/p>\n","protected":false},"author":2,"featured_media":3836,"comment_status":"","ping_status":"","sticky":false,"template":"","format":"standard","meta":{"footnotes":""},"categories":[3],"tags":[],"class_list":["post-3837","post","type-post","status-publish","format-standard","has-post-thumbnail","hentry","category-noticias"],"_links":{"self":[{"href":"https:\/\/hostnetart.com.br\/baixada\/wp-json\/wp\/v2\/posts\/3837","targetHints":{"allow":["GET"]}}],"collection":[{"href":"https:\/\/hostnetart.com.br\/baixada\/wp-json\/wp\/v2\/posts"}],"about":[{"href":"https:\/\/hostnetart.com.br\/baixada\/wp-json\/wp\/v2\/types\/post"}],"author":[{"embeddable":true,"href":"https:\/\/hostnetart.com.br\/baixada\/wp-json\/wp\/v2\/users\/2"}],"replies":[{"embeddable":true,"href":"https:\/\/hostnetart.com.br\/baixada\/wp-json\/wp\/v2\/comments?post=3837"}],"version-history":[{"count":0,"href":"https:\/\/hostnetart.com.br\/baixada\/wp-json\/wp\/v2\/posts\/3837\/revisions"}],"wp:featuredmedia":[{"embeddable":true,"href":"https:\/\/hostnetart.com.br\/baixada\/wp-json\/wp\/v2\/media\/3836"}],"wp:attachment":[{"href":"https:\/\/hostnetart.com.br\/baixada\/wp-json\/wp\/v2\/media?parent=3837"}],"wp:term":[{"taxonomy":"category","embeddable":true,"href":"https:\/\/hostnetart.com.br\/baixada\/wp-json\/wp\/v2\/categories?post=3837"},{"taxonomy":"post_tag","embeddable":true,"href":"https:\/\/hostnetart.com.br\/baixada\/wp-json\/wp\/v2\/tags?post=3837"}],"curies":[{"name":"wp","href":"https:\/\/api.w.org\/{rel}","templated":true}]}}