{"id":3831,"date":"2018-02-19T20:31:08","date_gmt":"2018-02-19T23:31:08","guid":{"rendered":"https:\/\/hostnetart.com.br\/baixada\/bancarios-se-unem-a-outras-categorias-contra-a-reforma-da-previdencia\/"},"modified":"2018-02-19T20:31:08","modified_gmt":"2018-02-19T23:31:08","slug":"bancarios-se-unem-a-outras-categorias-contra-a-reforma-da-previdencia","status":"publish","type":"post","link":"https:\/\/hostnetart.com.br\/baixada\/bancarios-se-unem-a-outras-categorias-contra-a-reforma-da-previdencia\/","title":{"rendered":"Banc\u00e1rios se unem a outras categorias contra a Reforma da Previd\u00eancia"},"content":{"rendered":"<div class=\"content\">\n<p>Os banc\u00e1rios se uniram a milh\u00f5es de trabalhadores de todo o Brasil, das mais diversas categorias, para protestar contra a reforma da Previd\u00eancia e a retirada de direitos, nesta segunda-feira (19). A manifesta\u00e7\u00e3o foi convocada pelas centrais sindicais.<\/p>\n<p>Clique <a href=\"http:\/\/www.contrafcut.org.br\/fotos\/dia-nacional-de-luta-contra-a-reforma-da-previdencia-e-a-retirada-de-direitos-793e\">aqui<\/a> e veja a galeria de fotos das manifesta\u00e7\u00f5es por todo o Brasil.<\/p>\n<p>\u201cOs banc\u00e1rios em todo o Brasil atenderam ao chamado das centrais sindicais e amplificaram as manifesta\u00e7\u00f5es contra a reforma da Previd\u00eancia. Atos, atrasos de abertura de ag\u00eancias, paralisa\u00e7\u00f5es, panfletagens, greve. Tudo somou para dizer aos parlamentares que a voz das ruas j\u00e1 decretou o fim da reforma da previd\u00eancia. Se os deputados e senadores insistirem em votar, o povo vai lembrar deles em outubro. N\u00e3o voltar\u00e3o\u201d, declarou Roberto von der Osten, presidente da Contraf-CUT.<\/p>\n<p>Sem apoio, o governo ileg\u00edtimo de Michel Temer segue com suas tramoias. A mais recente, a interven\u00e7\u00e3o militar no Rio de Janeiro, que pode ser suspensa a qualquer momento, caso Temer veja condi\u00e7\u00f5es de votar a reforma que acaba com a aposentadoria p\u00fablica.<\/p>\n<p>Para o presidente da Contraf-CUT, mais uma vez o governo golpista responde \u00e0s duras contradi\u00e7\u00f5es da sociedade brasileira com uma solu\u00e7\u00e3o equivocada, teatral e oportunista. \u201cO apelo geral por seguran\u00e7a e paz n\u00e3o pode ser atendido por uma interven\u00e7\u00e3o militar paliativa e que s\u00f3 apresenta solu\u00e7\u00f5es de curto e m\u00e9dio prazo. Al\u00e9m, disso, usa novamente as For\u00e7as Armadas que, nas v\u00e1rias interven\u00e7\u00f5es na seguran\u00e7a no Rio (ocupa\u00e7\u00e3o do Complexo do Alem\u00e3o e Mar\u00e9 em 2007 e 2010, seguran\u00e7a para visita do Papa Francisco em 2013, seguran\u00e7a das Olimp\u00edadas e ocupa\u00e7\u00e3o da Rocinha em 2016), teve papel importante conjuntural, mas imediatamente ap\u00f3s o fim da interven\u00e7\u00e3o a situa\u00e7\u00e3o insegura retornou.\u201d<\/p>\n<p>Ele acredita que o governo mascara o que o Rio de Janeiro e o Brasil precisam, na verdade, de que \u00e9 uma interven\u00e7\u00e3o social com conte\u00fado de pol\u00edticas p\u00fablicas que gerem empregos e renda, que tragam educa\u00e7\u00e3o e sa\u00fade para o povo. \u201cEsta interven\u00e7\u00e3o foi feita sob a evidente desconfian\u00e7a quanto ao seu objetivo e efic\u00e1cia, parecendo mais ser instrumento de afastamento da opini\u00e3o p\u00fablica do tema da reforma da previd\u00eancia. N\u00e3o traz nenhuma proposta de intelig\u00eancia, de planejamento ou reequipamento necess\u00e1rios para o combate ao crime organizado. N\u00e3o \u00e9 uma medida transformativa nem prop\u00f5em mudan\u00e7as estruturais nas policias. \u00c9 maquiagem, assusta a popula\u00e7\u00e3o trabalhadora e faz uma p\u00e9ssima sinaliza\u00e7\u00e3o para a livre express\u00e3o dos movimentos sociais. Tem car\u00e1ter improvisado e, considerando as declara\u00e7\u00f5es de que pode ser suspenso para permitir a vota\u00e7\u00e3o da PEC da reforma da Previd\u00eancia, escancara suas reais inten\u00e7\u00f5es. Lamentamos que assunto de t\u00e3o profunda import\u00e2ncia seja usado para esconder ataques aos direitos dos trabalhadores\u201d, completou Roberto von der Osten.<\/p>\n<\/div>\n<p id=\"page-author\"><strong>Fonte: Contraf-CUT<\/strong><\/p>\n","protected":false},"excerpt":{"rendered":"<p>Os banc\u00e1rios se uniram a milh\u00f5es de trabalhadores de todo o Brasil, das mais diversas categorias, para protestar contra a reforma da Previd\u00eancia e a retirada de direitos, nesta segunda-feira (19). A manifesta\u00e7\u00e3o foi convocada pelas centrais sindicais. Clique aqui e veja a galeria de fotos das manifesta\u00e7\u00f5es por todo o Brasil. \u201cOs banc\u00e1rios em [&hellip;]<\/p>\n","protected":false},"author":2,"featured_media":3830,"comment_status":"","ping_status":"","sticky":false,"template":"","format":"standard","meta":{"footnotes":""},"categories":[3],"tags":[],"class_list":["post-3831","post","type-post","status-publish","format-standard","has-post-thumbnail","hentry","category-noticias"],"_links":{"self":[{"href":"https:\/\/hostnetart.com.br\/baixada\/wp-json\/wp\/v2\/posts\/3831","targetHints":{"allow":["GET"]}}],"collection":[{"href":"https:\/\/hostnetart.com.br\/baixada\/wp-json\/wp\/v2\/posts"}],"about":[{"href":"https:\/\/hostnetart.com.br\/baixada\/wp-json\/wp\/v2\/types\/post"}],"author":[{"embeddable":true,"href":"https:\/\/hostnetart.com.br\/baixada\/wp-json\/wp\/v2\/users\/2"}],"replies":[{"embeddable":true,"href":"https:\/\/hostnetart.com.br\/baixada\/wp-json\/wp\/v2\/comments?post=3831"}],"version-history":[{"count":0,"href":"https:\/\/hostnetart.com.br\/baixada\/wp-json\/wp\/v2\/posts\/3831\/revisions"}],"wp:featuredmedia":[{"embeddable":true,"href":"https:\/\/hostnetart.com.br\/baixada\/wp-json\/wp\/v2\/media\/3830"}],"wp:attachment":[{"href":"https:\/\/hostnetart.com.br\/baixada\/wp-json\/wp\/v2\/media?parent=3831"}],"wp:term":[{"taxonomy":"category","embeddable":true,"href":"https:\/\/hostnetart.com.br\/baixada\/wp-json\/wp\/v2\/categories?post=3831"},{"taxonomy":"post_tag","embeddable":true,"href":"https:\/\/hostnetart.com.br\/baixada\/wp-json\/wp\/v2\/tags?post=3831"}],"curies":[{"name":"wp","href":"https:\/\/api.w.org\/{rel}","templated":true}]}}