{"id":3827,"date":"2018-02-19T12:33:22","date_gmt":"2018-02-19T15:33:22","guid":{"rendered":"https:\/\/hostnetart.com.br\/baixada\/cut-momento-e-de-aumentar-pressao-e-enterrar-de-vez-a-reforma-da-previdencia\/"},"modified":"2018-02-19T12:33:22","modified_gmt":"2018-02-19T15:33:22","slug":"cut-momento-e-de-aumentar-pressao-e-enterrar-de-vez-a-reforma-da-previdencia","status":"publish","type":"post","link":"https:\/\/hostnetart.com.br\/baixada\/cut-momento-e-de-aumentar-pressao-e-enterrar-de-vez-a-reforma-da-previdencia\/","title":{"rendered":"CUT: momento \u00e9 de aumentar press\u00e3o e enterrar de vez a reforma da Previd\u00eancia"},"content":{"rendered":"<p>A Central \u00danica dos Trabalhadores (CUT), afirma que a press\u00e3o para que o Congresso Nacional desista definitivamente da proposta de reforma da Previd\u00eancia pelo governo Temer, que ataca a aposentadoria de milh\u00f5es de brasileiros, ser\u00e1 intensificada, <a class=\"internal-link\" title=\"\" href=\"http:\/\/www.redebrasilatual.com.br\/politica\/2018\/02\/central-considera-intervencao-mais-um-factoide-irresponsavel-de-temer\" target=\"_blank\" rel=\"noopener noreferrer\">ap\u00f3s o governo ter dado sinais de que considera a batalha parlamentar praticamente vencida<\/a> e ter decretado <a class=\"internal-link\" title=\"\" href=\"http:\/\/www.redebrasilatual.com.br\/blogs\/blog-na-rede\/2018\/02\/intervencao-militar-no-rio-leva-o-golpe-para-novo-patamar\" target=\"_blank\" rel=\"noopener noreferrer\">interven\u00e7\u00e3o federal na seguran\u00e7a p\u00fablica do Rio de Janeiro,<\/a> como forma de desviar a aten\u00e7\u00e3o da derrota e ainda tentar colocar a reforma em vota\u00e7\u00e3o.<\/p>\n<p>Para a CUT, a resposta dos trabalhadores se far\u00e1 de tr\u00eas formas: <a class=\"internal-link\" title=\"\" href=\"http:\/\/www.redebrasilatual.com.br\/politica\/2018\/02\/confira-a-agenda-de-mobilizacoes-contra-retrocessos-do-governo-temer\" target=\"_blank\" rel=\"noopener noreferrer\">a mobiliza\u00e7\u00e3o desta segunda-feira (19), com greves, paralisa\u00e7\u00f5es e atos<\/a>; a\u00e7\u00f5es nas redes sociais e bases eleitorais dos deputados; e garantir a candidatura de Lula nas elei\u00e7\u00f5es deste ano. <a class=\"external-link\" title=\"\" href=\"https:\/\/cut.org.br\/noticias\/cut-orienta-vamos-aumentar-a-pressao-contra-reforma-de-temer-41e4\/\" target=\"_self\">As informa\u00e7\u00f5es s\u00e3o do portal da central.<\/a><\/p>\n<p>&#8220;A press\u00e3o precisa ser ampliada neste momento, pois essa \u00e9 \u00fanica maneira de garantir que n\u00e3o mexam na aposentadoria dos trabalhadores. A nossa luta \u00e9 para enterrar de vez a reforma e uma das estrat\u00e9gias \u00e9 realizar uma forte mobiliza\u00e7\u00e3o no dia 19, com greves e paralisa\u00e7\u00f5es, al\u00e9m de intensificar as a\u00e7\u00f5es nas ruas e nas redes&#8221;, diz o presidente da CUT, Vagner Freitas.<\/p>\n<p>Sobre a candidatura do ex-presidente, Vagner lembra que Lula foi o \u00fanico a anunciar que, se eleito, vai propor um referendo revogat\u00f3rio de medidas baixadas pelo governo Temer, como a reforma trabalhista, o congelamento dos investimentos p\u00fablicos por 20 anos, o pacote de privatiza\u00e7\u00f5es e outras, al\u00e9m de ser garantia de respeito aos direitos dos trabalhadores.<\/p>\n<p>Para o presidente da CUT, quanto mais cresce as inten\u00e7\u00f5es de voto em Lula nas pesquisas e ele acena que, se eleito, revogar\u00e1, com o apoio do povo brasileiro, as medidas que retiram direitos, mais ele \u00e9 perseguido pela m\u00eddia e setores do Judici\u00e1rio. &#8220;Por isso, garantir Lula candidato e apoiar a sua elei\u00e7\u00e3o ser\u00e1 fundamental. Faz parte da nossa estrat\u00e9gia de resist\u00eancia e defesa dos direitos&#8221;, disse Vagner.<\/p>\n<p><b>Press\u00e3o nas ruas e nas redes<\/b><\/p>\n<p>Como instrumentos de mobiliza\u00e7\u00e3o e press\u00e3o, a secretaria de Comunica\u00e7\u00e3o da CUT elaborou uma s\u00e9rie de materiais com fotos e informa\u00e7\u00f5es dos parlamentares, que poder\u00e3o ser copiados e impressos para serem utilizados nas redes sociais e nos atos p\u00fablicos durante as mobiliza\u00e7\u00f5es contra a reforma da Previd\u00eancia.<\/p>\n<p>Segundo o secret\u00e1rio de Comunica\u00e7\u00e3o da CUT, Roni Barbosa, foram produzidos 366 memes \u2013 195 de deputados que est\u00e3o indecisos e outros 171 dos que j\u00e1 declararam apoio a Temer e voto favor\u00e1vel \u00e0 reforma proposta pelo governo golpista. O material, em listas separadas por estados, pode ser acessaado nesse link.<\/p>\n<p>\u00a0<\/p>\n<dl class=\"image-left captioned\" style=\"width: 360px;\">\n<dt><span class=\"tile-rights\">reprodu\u00e7\u00e3o facebook\/cut<\/span> <a href=\"http:\/\/www.redebrasilatual.com.br\/politica\/2018\/02\/cut-momento-e-de-aumentar-pressao-e-enterrar-de-vez-a-reforma-da-previdencia\/cut-memes.jpg\" rel=\"lightbox\"><img fetchpriority=\"high\" decoding=\"async\" class=\" lazyloaded\" title=\"CUT memes reforma previdencia\" src=\"http:\/\/www.redebrasilatual.com.br\/politica\/2018\/02\/cut-momento-e-de-aumentar-pressao-e-enterrar-de-vez-a-reforma-da-previdencia\/cut-memes.jpg\/@@images\/18fcd89e-51be-4ac1-8066-85e16f235152.jpeg\" alt=\"CUT memes reforma previdencia\" width=\"360\" height=\"226\" data-src=\"http:\/\/www.redebrasilatual.com.br\/politica\/2018\/02\/cut-momento-e-de-aumentar-pressao-e-enterrar-de-vez-a-reforma-da-previdencia\/cut-memes.jpg\/@@images\/18fcd89e-51be-4ac1-8066-85e16f235152.jpeg\" \/><\/a><\/dt>\n<dd class=\"image-caption\" style=\"width: 360px;\">Memes criados pela CUT mostram deputados indecisos e favor\u00e1veis \u00e0 proposta de Temer para a reforma da Previd\u00eancia<\/dd>\n<\/dl>\n<p>Al\u00e9m de memes, o site Na Press\u00e3o, lan\u00e7ado pela CUT em junho de 2017 e que permite contatar os parlamentares por e-mail, mensagens, telefone ou redes sociais, ser\u00e1 uma das ferramentas usadas pelos internautas para auxiliar na press\u00e3o aos deputados. O site possibilita enviar, de uma s\u00f3 vez, e-mail para todos os parlamentares indecisos ou a favor da reforma da Previd\u00eancia.<\/p>\n<p>&#8220;\u00c9 necess\u00e1rio usarmos todas as ferramentas criadas pela central para pressionar os parlamentares, al\u00e9m de informar a popula\u00e7\u00e3o sobre os impactos da reforma da Previd\u00eancia&#8221;, diz Roni.<\/p>\n<p>Roni refor\u00e7a ainda a necessidade de intensificar o di\u00e1logo com as bases, pois, segundo ele, foi o que conseguiu barrar a vota\u00e7\u00e3o da reforma da Previd\u00eancia at\u00e9 agora. &#8220;Ganhamos a opini\u00e3o p\u00fablica e conseguimos furar o bloqueio midi\u00e1tico, esclarecendo \u00e0 sociedade que a reforma se trata, na verdade, do fim do direito \u00e0 aposentadoria. Por isso o governo ainda n\u00e3o tem os votos necess\u00e1rios para aprovar a reforma&#8221;, avalia Roni.<\/p>\n","protected":false},"excerpt":{"rendered":"<p>A Central \u00danica dos Trabalhadores (CUT), afirma que a press\u00e3o para que o Congresso Nacional desista definitivamente da proposta de reforma da Previd\u00eancia pelo governo Temer, que ataca a aposentadoria de milh\u00f5es de brasileiros, ser\u00e1 intensificada, ap\u00f3s o governo ter dado sinais de que considera a batalha parlamentar praticamente vencida e ter decretado interven\u00e7\u00e3o federal [&hellip;]<\/p>\n","protected":false},"author":2,"featured_media":3826,"comment_status":"","ping_status":"","sticky":false,"template":"","format":"standard","meta":{"footnotes":""},"categories":[3],"tags":[],"class_list":["post-3827","post","type-post","status-publish","format-standard","has-post-thumbnail","hentry","category-noticias"],"_links":{"self":[{"href":"https:\/\/hostnetart.com.br\/baixada\/wp-json\/wp\/v2\/posts\/3827","targetHints":{"allow":["GET"]}}],"collection":[{"href":"https:\/\/hostnetart.com.br\/baixada\/wp-json\/wp\/v2\/posts"}],"about":[{"href":"https:\/\/hostnetart.com.br\/baixada\/wp-json\/wp\/v2\/types\/post"}],"author":[{"embeddable":true,"href":"https:\/\/hostnetart.com.br\/baixada\/wp-json\/wp\/v2\/users\/2"}],"replies":[{"embeddable":true,"href":"https:\/\/hostnetart.com.br\/baixada\/wp-json\/wp\/v2\/comments?post=3827"}],"version-history":[{"count":0,"href":"https:\/\/hostnetart.com.br\/baixada\/wp-json\/wp\/v2\/posts\/3827\/revisions"}],"wp:featuredmedia":[{"embeddable":true,"href":"https:\/\/hostnetart.com.br\/baixada\/wp-json\/wp\/v2\/media\/3826"}],"wp:attachment":[{"href":"https:\/\/hostnetart.com.br\/baixada\/wp-json\/wp\/v2\/media?parent=3827"}],"wp:term":[{"taxonomy":"category","embeddable":true,"href":"https:\/\/hostnetart.com.br\/baixada\/wp-json\/wp\/v2\/categories?post=3827"},{"taxonomy":"post_tag","embeddable":true,"href":"https:\/\/hostnetart.com.br\/baixada\/wp-json\/wp\/v2\/tags?post=3827"}],"curies":[{"name":"wp","href":"https:\/\/api.w.org\/{rel}","templated":true}]}}