{"id":3825,"date":"2018-02-19T12:32:12","date_gmt":"2018-02-19T15:32:12","guid":{"rendered":"https:\/\/hostnetart.com.br\/baixada\/dia-19-parou-contra-a-reforma-da-previdencia\/"},"modified":"2018-02-19T12:32:12","modified_gmt":"2018-02-19T15:32:12","slug":"dia-19-parou-contra-a-reforma-da-previdencia","status":"publish","type":"post","link":"https:\/\/hostnetart.com.br\/baixada\/dia-19-parou-contra-a-reforma-da-previdencia\/","title":{"rendered":"Dia 19: parou contra a reforma da Previd\u00eancia!"},"content":{"rendered":"<div class=\"content\">\n<p>Banc\u00e1rios, metal\u00fargicos, professores, qu\u00edmicos, profissionais do setor de energia, de transporte, ind\u00fastrias. Milh\u00f5es de trabalhadores em todo o Brasil fazem greve nesta segunda-feira 19 contra a reforma que \u00e9 o desmonte da Previd\u00eancia e a retirada de direitos.<br \/> Sem apoio, sem credibilidade e arrastando o pa\u00eds para o fundo do po\u00e7o, o governo ileg\u00edtimo de Michel Temer segue com suas tramoias. A mais recente, a interven\u00e7\u00e3o militar no Rio de Janeiro, que pode ser suspensa a qualquer momento, caso Temer veja condi\u00e7\u00f5es de votar a reforma que acaba com a aposentadoria p\u00fablica.<\/p>\n<p>\u201cEssa \u00e9 uma situa\u00e7\u00e3o absurda, vergonhosa e novamente a classe trabalhadora est\u00e1 unida para protestar por seus direitos\u201d, afirma a presidenta do Sindicato dos Banc\u00e1rios de S\u00e3o Paulo, Osasco e Regi\u00e3o, Ivone Silva. \u201cJ\u00e1 deixamos claro para todos os parlamentares, mas nunca \u00e9 demais avisar: quem votar a favor da reforma da Previd\u00eancia de Temer, que na verdade \u00e9 mais um desmonte dos direitos dos trabalhadores, n\u00e3o volta ao Congresso Nacional. Estamos denunciando que s\u00e3o os deputados e senadores que apoiam essa barbaridade contra o povo trabalhador e eles nunca mais ser\u00e3o eleitos\u201d, refor\u00e7a a dirigente.<\/p>\n<p>Os banc\u00e1rios participam da greve em todo o Brasil. Em S\u00e3o Paulo, Osasco e nas cidades da regi\u00e3o, ag\u00eancias de bancos amanheceram fechadas. A paralisa\u00e7\u00e3o foi definida em assembleias nos locais de trabalho nos dias 8, 9, 14 e 15 de fevereiro. Os dirigentes sindicais far\u00e3o debates com os trabalhadores sobre os riscos da reforma da Previd\u00eancia e a perda de direitos imposta pela lei trabalhista de Temer.<\/p>\n<p>\u00a0\u00a0\u00a0\u00a0 <strong>&gt;<\/strong> <ins><strong><a href=\"http:\/\/spbancarios.com.br\/02\/2018\/bancarios-aderem-greve-do-dia-19\" target=\"_blank\" rel=\"noopener noreferrer\">Banc\u00e1rios aderem \u00e0 greve do dia 19<\/a><\/strong><\/ins><\/p>\n<p>\u201cVamos nos reunir com os banc\u00e1rios e, \u00e0s 16h, ap\u00f3s o fim do expediente nas ag\u00eancias, todos devem se dirigir ao v\u00e3o livre do Masp, na Avenida Paulista, para o grande ato convocado pela Frente Brasil Popular e Povo Sem Medo\u201d, convoca a presidenta do Sindicato. \u201cEssa uni\u00e3o tem conseguido barrar at\u00e9 agora esse ataque \u00e0 aposentadoria p\u00fablica e n\u00e3o sairemos das ruas enquanto ela n\u00e3o for definitivamente encerrada. Esse governo autorit\u00e1rio e incompetente, n\u00e3o tem legitimidade para fazer as mudan\u00e7as que est\u00e1 impondo e que est\u00e3o acabando com o Brasil. Unido, o povo trabalhador vai virar esse jogo e voltar aos tempos em que havia emprego e bons sal\u00e1rios para todos.\u201d<\/p>\n<p><strong>Participe da luta<\/strong><br \/> Al\u00e9m de cruzar os bra\u00e7os nesta segunda-feira, os trabalhadores tamb\u00e9m podem participar da luta utilizando <em>#queromeaposentar<\/em> nas redes sociais. E, al\u00e9m disso, acessar o <ins><strong><a href=\"https:\/\/napressao.org.br\/\" target=\"_blank\" rel=\"noopener noreferrer\">napressao.org.br<\/a><\/strong><\/ins> para enviar mensagem e pressionar os parlamentares para que n\u00e3o votem essa reforma que \u00e9 o desmonte da Previd\u00eancia p\u00fablica brasileira.<\/p>\n<p><strong>Acompanhe a paralisa\u00e7\u00e3o<\/strong><br \/> Sindicatos filiados \u00e0 CUT realizam diversos atos, greves e atrasos na in\u00edcio das atividades neste 19 de fevereiro. <strong><ins><a href=\"http:\/\/www.cutsp.org.br\/noticias\/minuto-a-minuto-confira-as-paralisacoes-e-atos-pelo-estado-de-sao-paulo-59a3\/\" target=\"_blank\" rel=\"noopener noreferrer\">Confira os detalhes da mobiliza\u00e7\u00e3o pelo estado de S\u00e3o Paulo<\/a><\/ins><\/strong>.<\/p>\n<p>Voc\u00ea tamb\u00e9m pode ouvir todas as informa\u00e7\u00f5es sobre a greve do dia 19 na R\u00e1dio Democracia, que est\u00e1 no ar desde as primeiras horas da manh\u00e3,\u00a0com transmiss\u00e3o ao vivo dos protestos por todo o Brasil. Acompanhe pelo <strong><ins><a href=\"http:\/\/www.radiodemocracia.net.br\/\" target=\"_blank\" rel=\"noopener noreferrer\">www.radiodemocracia.net.br<\/a><\/ins><\/strong>.<\/p>\n<\/div>\n<p id=\"page-author\"><strong><span style=\"text-decoration: underline;\"><em>Fonte: SPBanc\u00e1rios<\/em><\/span><\/strong><\/p>\n","protected":false},"excerpt":{"rendered":"<p>Banc\u00e1rios, metal\u00fargicos, professores, qu\u00edmicos, profissionais do setor de energia, de transporte, ind\u00fastrias. Milh\u00f5es de trabalhadores em todo o Brasil fazem greve nesta segunda-feira 19 contra a reforma que \u00e9 o desmonte da Previd\u00eancia e a retirada de direitos. Sem apoio, sem credibilidade e arrastando o pa\u00eds para o fundo do po\u00e7o, o governo ileg\u00edtimo de [&hellip;]<\/p>\n","protected":false},"author":2,"featured_media":3824,"comment_status":"","ping_status":"","sticky":false,"template":"","format":"standard","meta":{"footnotes":""},"categories":[3],"tags":[],"class_list":["post-3825","post","type-post","status-publish","format-standard","has-post-thumbnail","hentry","category-noticias"],"_links":{"self":[{"href":"https:\/\/hostnetart.com.br\/baixada\/wp-json\/wp\/v2\/posts\/3825","targetHints":{"allow":["GET"]}}],"collection":[{"href":"https:\/\/hostnetart.com.br\/baixada\/wp-json\/wp\/v2\/posts"}],"about":[{"href":"https:\/\/hostnetart.com.br\/baixada\/wp-json\/wp\/v2\/types\/post"}],"author":[{"embeddable":true,"href":"https:\/\/hostnetart.com.br\/baixada\/wp-json\/wp\/v2\/users\/2"}],"replies":[{"embeddable":true,"href":"https:\/\/hostnetart.com.br\/baixada\/wp-json\/wp\/v2\/comments?post=3825"}],"version-history":[{"count":0,"href":"https:\/\/hostnetart.com.br\/baixada\/wp-json\/wp\/v2\/posts\/3825\/revisions"}],"wp:featuredmedia":[{"embeddable":true,"href":"https:\/\/hostnetart.com.br\/baixada\/wp-json\/wp\/v2\/media\/3824"}],"wp:attachment":[{"href":"https:\/\/hostnetart.com.br\/baixada\/wp-json\/wp\/v2\/media?parent=3825"}],"wp:term":[{"taxonomy":"category","embeddable":true,"href":"https:\/\/hostnetart.com.br\/baixada\/wp-json\/wp\/v2\/categories?post=3825"},{"taxonomy":"post_tag","embeddable":true,"href":"https:\/\/hostnetart.com.br\/baixada\/wp-json\/wp\/v2\/tags?post=3825"}],"curies":[{"name":"wp","href":"https:\/\/api.w.org\/{rel}","templated":true}]}}