{"id":3819,"date":"2018-02-16T10:37:09","date_gmt":"2018-02-16T12:37:09","guid":{"rendered":"https:\/\/hostnetart.com.br\/baixada\/contraf-cut-convoca-bancarios-a-participarem-do-dia-nacional-de-luta-na-proxima-segunda-feira-19\/"},"modified":"2018-02-16T10:37:09","modified_gmt":"2018-02-16T12:37:09","slug":"contraf-cut-convoca-bancarios-a-participarem-do-dia-nacional-de-luta-na-proxima-segunda-feira-19","status":"publish","type":"post","link":"https:\/\/hostnetart.com.br\/baixada\/contraf-cut-convoca-bancarios-a-participarem-do-dia-nacional-de-luta-na-proxima-segunda-feira-19\/","title":{"rendered":"Contraf-CUT convoca banc\u00e1rios a participarem do Dia Nacional de Luta na pr\u00f3xima segunda-feira (19)"},"content":{"rendered":"<div class=\"content\">\n<p>A Contraf-CUT convoca os banc\u00e1rios de todo o Brasil a aderirem, na pr\u00f3xima segunda-feira (19), ao Dia Nacional de Luta, em nova etapa da mobiliza\u00e7\u00e3o contra a proposta do governo Temer de &#8220;reforma&#8221; da Previd\u00eancia Social. A data foi definida pelas centrais sindicais.<\/p>\n<p>A proposta de reforma da Previd\u00eancia (PEC 287-A), que prejudica trabalhadores e trabalhadoras e beneficia empres\u00e1rios e banqueiros, est\u00e1 prevista para ser votada no Congresso Nacional na pr\u00f3xima segunda-feira, dia 19. Os sindicalistas criticam o que chamam de &#8220;campanha enganosa&#8221; do governo em rela\u00e7\u00e3o ao tema.<\/p>\n<p>\u201cA Contraf-CUT, federa\u00e7\u00f5es e sindicatos associados convocam os banc\u00e1rios a aderir \u00e0s paralisa\u00e7\u00f5es e protestos contra a reforma da Previd\u00eancia que, na verdade, \u00e9 uma proposta para acabar com a aposentadoria. O governo est\u00e1 gastando bilh\u00f5es com propagando para ludibriar os brasileiros e pressionar deputados e senadores a aprovar a reforma. Ouvimos manifesta\u00e7\u00f5es no Carnaval, nos movimentos sociais, nas ruas. O povo n\u00e3o quer essa reforma. Junte-se a n\u00f3s e diga n\u00e3o ao fim da aposentadoria\u201d, convidou Roberto von der Osten, presidente da Contraf-CUT.<\/p>\n<p>Para Juvandia Moreira, vice-presidenta da Contraf-CUT, \u201c\u00e9 fundamental que a categoria participe e fortale\u00e7a a luta. Vai ter paralisa\u00e7\u00e3o e atos no Brasil inteiro. Os banc\u00e1rios e banc\u00e1rias t\u00eam realizado assembleias nos locais de trabalho, aprovando paralisa\u00e7\u00e3o que \u00e9 da classe trabalhadora, da sociedade inteira, e a gente tem que lutar, tem que resistir, pois j\u00e1 perdemos direitos com a Reforma Trabalhista, que vai jogar a popula\u00e7\u00e3o na precariza\u00e7\u00e3o e agora eles querem tirar o direito de aposentar. Por isso, \u00e9 fundamental a participa\u00e7\u00e3o de toda a categoria. Dia 19 \u00e9 dia de luta e a gente conta com voc\u00ea!\u201d<\/p>\n<p>\u00a0<\/p>\n<p>&gt;&gt;&gt; Leia tamb\u00e9m<\/p>\n<p><a href=\"http:\/\/www.contrafcut.org.br\/noticias\/cresce-adesao-a-greves-no-dia-19-contra-a-reforma-da-previdencia-384b\/\">Cresce ades\u00e3o \u00e0 greves no dia 19 contra a reforma da Previd\u00eancia<\/a><\/p>\n<\/div>\n<p id=\"page-author\"><strong>Fonte: Contraf-CUT<\/strong><\/p>\n","protected":false},"excerpt":{"rendered":"<p>A Contraf-CUT convoca os banc\u00e1rios de todo o Brasil a aderirem, na pr\u00f3xima segunda-feira (19), ao Dia Nacional de Luta, em nova etapa da mobiliza\u00e7\u00e3o contra a proposta do governo Temer de &#8220;reforma&#8221; da Previd\u00eancia Social. A data foi definida pelas centrais sindicais. A proposta de reforma da Previd\u00eancia (PEC 287-A), que prejudica trabalhadores e [&hellip;]<\/p>\n","protected":false},"author":2,"featured_media":3818,"comment_status":"","ping_status":"","sticky":false,"template":"","format":"standard","meta":{"footnotes":""},"categories":[3],"tags":[],"class_list":["post-3819","post","type-post","status-publish","format-standard","has-post-thumbnail","hentry","category-noticias"],"_links":{"self":[{"href":"https:\/\/hostnetart.com.br\/baixada\/wp-json\/wp\/v2\/posts\/3819","targetHints":{"allow":["GET"]}}],"collection":[{"href":"https:\/\/hostnetart.com.br\/baixada\/wp-json\/wp\/v2\/posts"}],"about":[{"href":"https:\/\/hostnetart.com.br\/baixada\/wp-json\/wp\/v2\/types\/post"}],"author":[{"embeddable":true,"href":"https:\/\/hostnetart.com.br\/baixada\/wp-json\/wp\/v2\/users\/2"}],"replies":[{"embeddable":true,"href":"https:\/\/hostnetart.com.br\/baixada\/wp-json\/wp\/v2\/comments?post=3819"}],"version-history":[{"count":0,"href":"https:\/\/hostnetart.com.br\/baixada\/wp-json\/wp\/v2\/posts\/3819\/revisions"}],"wp:featuredmedia":[{"embeddable":true,"href":"https:\/\/hostnetart.com.br\/baixada\/wp-json\/wp\/v2\/media\/3818"}],"wp:attachment":[{"href":"https:\/\/hostnetart.com.br\/baixada\/wp-json\/wp\/v2\/media?parent=3819"}],"wp:term":[{"taxonomy":"category","embeddable":true,"href":"https:\/\/hostnetart.com.br\/baixada\/wp-json\/wp\/v2\/categories?post=3819"},{"taxonomy":"post_tag","embeddable":true,"href":"https:\/\/hostnetart.com.br\/baixada\/wp-json\/wp\/v2\/tags?post=3819"}],"curies":[{"name":"wp","href":"https:\/\/api.w.org\/{rel}","templated":true}]}}