{"id":3817,"date":"2018-02-16T10:36:30","date_gmt":"2018-02-16T12:36:30","guid":{"rendered":"https:\/\/hostnetart.com.br\/baixada\/santander-paga-plr-no-dia-20-de-fevereiro-2\/"},"modified":"2018-02-16T10:36:30","modified_gmt":"2018-02-16T12:36:30","slug":"santander-paga-plr-no-dia-20-de-fevereiro-2","status":"publish","type":"post","link":"https:\/\/hostnetart.com.br\/baixada\/santander-paga-plr-no-dia-20-de-fevereiro-2\/","title":{"rendered":"Santander paga PLR no dia 20 de fevereiro"},"content":{"rendered":"<div class=\"content\">\n<p>O Santander vai antecipar, para o dia 20 de fevereiro, o pagamento da segunda parcela da Participa\u00e7\u00e3o nos Lucros e Resultados aos banc\u00e1rios. A institui\u00e7\u00e3o financeira atendeu a reivindica\u00e7\u00e3o da Confedera\u00e7\u00e3o Nacional dos Trabalhadores do Ramo Financeiro (Contraf-CUT), federa\u00e7\u00f5es e sindicatos, encaminhada a todos os bancos, para a antecipa\u00e7\u00e3o do valor, definido de acordo com a Conven\u00e7\u00e3o Coletiva de Trabalho (CCT), v\u00e1lida para o per\u00edodo 2016\/2018.<\/p>\n<p>A regra b\u00e1sica da PLR ser\u00e1 majorada de acordo com o lucro do banco \u2013 que cresceu 35,6% em 2017 \u2013 e os trabalhadores receber\u00e3o 2,2 sal\u00e1rios, descontada a primeira parcela paga no ano passado, limitado a R$ 26.478,55.<\/p>\n<p>A parcela adicional tamb\u00e9m ser\u00e1 paga pelo teto, de R$ 4.487,16, descontado o valor de R$ 2.243,58, creditado em 2017.<\/p>\n<p>Todos os banc\u00e1rios do Santander receber\u00e3o pelo menos R$ 2.260,50 a t\u00edtulo de PPRS (Programa Pr\u00f3prio de Resultados do Santander).<\/p>\n<\/div>\n<p id=\"page-author\"><strong>Fonte: Contraf-CUT<\/strong><\/p>\n","protected":false},"excerpt":{"rendered":"<p>O Santander vai antecipar, para o dia 20 de fevereiro, o pagamento da segunda parcela da Participa\u00e7\u00e3o nos Lucros e Resultados aos banc\u00e1rios. A institui\u00e7\u00e3o financeira atendeu a reivindica\u00e7\u00e3o da Confedera\u00e7\u00e3o Nacional dos Trabalhadores do Ramo Financeiro (Contraf-CUT), federa\u00e7\u00f5es e sindicatos, encaminhada a todos os bancos, para a antecipa\u00e7\u00e3o do valor, definido de acordo com [&hellip;]<\/p>\n","protected":false},"author":2,"featured_media":3816,"comment_status":"","ping_status":"","sticky":false,"template":"","format":"standard","meta":{"footnotes":""},"categories":[3],"tags":[],"class_list":["post-3817","post","type-post","status-publish","format-standard","has-post-thumbnail","hentry","category-noticias"],"_links":{"self":[{"href":"https:\/\/hostnetart.com.br\/baixada\/wp-json\/wp\/v2\/posts\/3817","targetHints":{"allow":["GET"]}}],"collection":[{"href":"https:\/\/hostnetart.com.br\/baixada\/wp-json\/wp\/v2\/posts"}],"about":[{"href":"https:\/\/hostnetart.com.br\/baixada\/wp-json\/wp\/v2\/types\/post"}],"author":[{"embeddable":true,"href":"https:\/\/hostnetart.com.br\/baixada\/wp-json\/wp\/v2\/users\/2"}],"replies":[{"embeddable":true,"href":"https:\/\/hostnetart.com.br\/baixada\/wp-json\/wp\/v2\/comments?post=3817"}],"version-history":[{"count":0,"href":"https:\/\/hostnetart.com.br\/baixada\/wp-json\/wp\/v2\/posts\/3817\/revisions"}],"wp:featuredmedia":[{"embeddable":true,"href":"https:\/\/hostnetart.com.br\/baixada\/wp-json\/wp\/v2\/media\/3816"}],"wp:attachment":[{"href":"https:\/\/hostnetart.com.br\/baixada\/wp-json\/wp\/v2\/media?parent=3817"}],"wp:term":[{"taxonomy":"category","embeddable":true,"href":"https:\/\/hostnetart.com.br\/baixada\/wp-json\/wp\/v2\/categories?post=3817"},{"taxonomy":"post_tag","embeddable":true,"href":"https:\/\/hostnetart.com.br\/baixada\/wp-json\/wp\/v2\/tags?post=3817"}],"curies":[{"name":"wp","href":"https:\/\/api.w.org\/{rel}","templated":true}]}}