{"id":3815,"date":"2018-02-16T10:34:50","date_gmt":"2018-02-16T12:34:50","guid":{"rendered":"https:\/\/hostnetart.com.br\/baixada\/cresce-adesao-a-greves-no-dia-19-contra-a-reforma-da-previdencia\/"},"modified":"2018-02-16T10:34:50","modified_gmt":"2018-02-16T12:34:50","slug":"cresce-adesao-a-greves-no-dia-19-contra-a-reforma-da-previdencia","status":"publish","type":"post","link":"https:\/\/hostnetart.com.br\/baixada\/cresce-adesao-a-greves-no-dia-19-contra-a-reforma-da-previdencia\/","title":{"rendered":"Cresce ades\u00e3o \u00e0 greves no dia 19 contra a reforma da Previd\u00eancia"},"content":{"rendered":"<div class=\"content\">\n<p>Aumentou a ades\u00e3o \u00e0s paralisa\u00e7\u00f5es contra a &#8220;reforma&#8221; da Previd\u00eancia, que ser\u00e3o realizadas na segunda-feira (19) por v\u00e1rias centrais sindicais em todo o pa\u00eds. De acordo com a CUT, ap\u00f3s diversas assembleias, mais atos foram marcados pelo pa\u00eds. A proposta do governo deve ser votada no dia 19,\u00a020 ou 21 na C\u00e2mara dos Deputados. A base aliada precisa garantir 308 votos para aprovar a Proposta de Emenda \u00e0 Constitui\u00e7\u00e3o (PEC) 287. \u201cN\u00e3o votaram at\u00e9 agora porque n\u00e3o t\u00eam votos. Os deputados est\u00e3o com medo de aprovar essa proposta nefasta e n\u00e3o serem reeleitos\u201d, diz o presidente da central, Vagner Freitas.<\/p>\n<p>Segundo Vagner, a campanha \u201cse votar, n\u00e3o volta\u201d, feita sem recursos, que contou apenas com a milit\u00e2ncia es dirigentes que foram a aeroportos e \u00e0s bases eleitorais dos deputados, fez mais efeito do que a montanha de dinheiro que o governo distribuiu e que as campanhas milion\u00e1rias do Temer nas r\u00e1dios e TVs. \u201cTemos de aumentar ainda mais a press\u00e3o nos deputados. Quem aprovar o fim da aposentadoria pode vestir o pijama, pois pra Bras\u00edlia n\u00e3o volta. Nunca mais vai ser eleito&#8221;, afirma o dirigente.<\/p>\n<p>Em S\u00e3o Paulo, v\u00e1rias categorias j\u00e1 realizaram assembleias e decidiram cruzar os bra\u00e7os no dia 19. <ins><strong><a href=\"http:\/\/www.redebrasilatual.com.br\/trabalho\/2018\/02\/trabalhadores-em-transporte-podem-parar-contra-reforma-da-previdencia\" target=\"_blank\" rel=\"noopener noreferrer\">Entre elas, motoristas de \u00f4nibus \u2013 que j\u00e1 marcaram nova assembleia no dia 16 para organizar a paralisa\u00e7\u00e3o<\/a><\/strong><\/ins>\u2013, e professores das redes estaduais e municipais. Outras categorias que j\u00e1 haviam fechado posi\u00e7\u00e3o pela greve, caso a reforma entrasse em vota\u00e7\u00e3o, como metrovi\u00e1rios e banc\u00e1rios, v\u00e3o realizar assembleias para ratificar a decis\u00e3o.<\/p>\n<p>Na capital paulista, o ato p\u00fablico est\u00e1 marcado para as 16h, em frente ao Masp, na Avenida Paulista. <ins><strong><a href=\"http:\/\/www.redebrasilatual.com.br\/trabalho\/2018\/02\/metalurgicos-aprovam-greve-no-dia-19-contra-a-reforma-da-previdencia\" target=\"_blank\" rel=\"noopener noreferrer\">Na regi\u00e3o do ABC, j\u00e1 aprovaram a greve em assembleia popular<\/a><\/strong><\/ins> metal\u00fargicos, banc\u00e1rios, servidores e qu\u00edmicos, entre outras categorias.<\/p>\n<p>No Nordeste, j\u00e1 realizaram assembleias os trabalhadores da Sa\u00fade e Previd\u00eancia do Servi\u00e7o P\u00fablico Federal de Pernambuco e da Bahia e os servidores p\u00fablicos de Sergipe, entre outras dezenas de categorias. Em Recife, haver\u00e1 ato p\u00fablico marcado a partir das 15h, no Parque 13 de Maio.<\/p>\n<p>Na Bahia, ser\u00e1 realizada uma plen\u00e1ria nesta quinta-feira (15) para discuss\u00e3o dos pontos onde ser\u00e3o realizados atos, panfletagens e caminhadas. J\u00e1 tem confirma\u00e7\u00e3o de paralisa\u00e7\u00e3o de petroleiros, qu\u00edmicos, rodovi\u00e1rios, professores, banc\u00e1rios, servidores e\u00a0metal\u00fargicos, entre outras categorias.\u00a0Tamb\u00e9m atos est\u00e3o sendo marcados em cidades como Juazeiro, Paulo Afonso, Vit\u00f3ria da Conquista, Itapetininga, Itabuna e Ilh\u00e9us, entre outras.<\/p>\n<p>Em Sergipe, foi realizada uma<strong><a href=\"http:\/\/www.cut-se.org.br\/destaques\/1295\/em-ato-unificado-sindicatos-aprovam-greve-geral-contra-a-reforma-da-previdencia\" target=\"_blank\" rel=\"noopener noreferrer\"> <ins>assembleia geral unificada<\/ins><\/a><\/strong> e os servidores p\u00fablicos aprovaram por unanimidade a participa\u00e7\u00e3o na greve do dia 19. Aprovaram a proposta os servidores organizados no Sintese (professores), Sindasse (assistentes sociais), Sindinutrise (nutricionistas), Sinpsi (psic\u00f3logos), Sindijor (jornalistas), Sindijus (Judici\u00e1rio), Grupo Atitude (trabalhadores da Sa\u00fade), Sindifisco (Auditores), Sintrase (Servidores), Sinter, Sintasa (Sa\u00fade), Sinpol (Policiais), Senge (Engenheiros) e o Sindicato dos Enfermeiros.<\/p>\n<p>No Cear\u00e1, haver\u00e1 atos e paralisa\u00e7\u00f5es em todas as regi\u00f5es do estado, sendo a maior delas marcada no centro de Fortaleza. A partir das 9h haver\u00e1 uma caminhada, com concentra\u00e7\u00e3o na Pra\u00e7a da Bandeira. Em Teresina, tem ato marcado para as 8h, na Pra\u00e7a Rio Branco. Em Natal, haver\u00e1 ato a partir das 14h, em frente \u00e0 ag\u00eancia do INSS, Rua Apodi, 2.150 (Tirol).<\/p>\n<p>No Distrito Federal, as <ins><strong><a href=\"http:\/\/http\/www.cutbrasilia.org.br\/site\/dia-19-levanta-e-vamos-a-luta\/\" target=\"_blank\" rel=\"noopener noreferrer\">a\u00e7\u00f5es ser\u00e3o realizadas durante todo o dia<\/a><\/strong><\/ins>, culminando numa atividade conjunta entre os sindicatos e os movimentos sociais no final da tarde, a partir das 17h, no Museu da Rep\u00fablica, em Bras\u00edlia.<\/p>\n<p>Em Minas Gerais, professores da rede estadual tamb\u00e9m sinalizaram que v\u00e3o aderir \u00e0 paralisa\u00e7\u00e3o.<\/p>\n<p>Em Santa Catarina, munic\u00edpios de todo o estado se unir\u00e3o \u00e0 luta contra a reforma da Previd\u00eancia. O Sinte\/SC est\u00e1 orientando que todos os trabalhadores da rede estadual de educa\u00e7\u00e3o paralisem completamente as atividades nas escolas e participem de atos e mobiliza\u00e7\u00f5es em suas cidades.\u00a0Em Florian\u00f3polis, o transporte coletivo ficar\u00e1 paralisado durante todo o dia 19. Os trabalhadores do Sindicato dos Trabalhadores no Servi\u00e7o P\u00fablico Municipal de Florian\u00f3polis (Sintrasem) tamb\u00e9m v\u00e3o aderir \u00e0 greve em defesa da aposentadoria.<\/p>\n<p>A partir das 9h, as centrais sindicais e entidades far\u00e3o um arrast\u00e3o no centro da capital para fechar o com\u00e9rcio e os bancos. E, a partir das 16h, acontecer\u00e1 um grande ato na Pra\u00e7a de Lutas, que terminar\u00e1 com uma passeata at\u00e9 a ag\u00eancia do INSS. Em Crici\u00fama, haver\u00e1 um ato a partir das 8h, em frente \u00e0 ag\u00eancia do INSS. Haver\u00e1 mobiliza\u00e7\u00e3o tamb\u00e9m em Ararangu\u00e1, Blumenau, Chapec\u00f3 e Joinville.<\/p>\n<p>Em Porto Alegre, a mobiliza\u00e7\u00e3o come\u00e7ar\u00e1 antes do sol nascer. \u00c0s 5h, haver\u00e1 concentra\u00e7\u00e3o junto do Monumento ao La\u00e7ador, seguida de caminhada at\u00e9 o sagu\u00e3o de embarque do Aeroporto Internacional Salgado Filho.<\/p>\n<p>\u00c0s 7h, concentra\u00e7\u00e3o na Esta\u00e7\u00e3o Rodovi\u00e1ria, onde ser\u00e3o tamb\u00e9m distribu\u00eddos panfletos para esclarecer a popula\u00e7\u00e3o sobre as mentiras espalhadas pelo governo e pela m\u00eddia tradicional. \u00c0s 8h30, haver\u00e1 marcha at\u00e9 o pr\u00e9dio do INSS, na Travessa M\u00e1rio Cinco Paus, ao lado do Mercado P\u00fablico, no centro da cidade. L\u00e1, ser\u00e1 realizado um grande ato p\u00fablico em defesa da Previd\u00eancia e denunciando os deputados que est\u00e3o se posicionando a favor da reforma.<\/p>\n<p>No Rio de Janeiro, tem a\u00e7\u00e3o no aeroporto Santos Dumont de manh\u00e3, no embarque dos deputados. \u00c0s 16h, haver\u00e1 ato na Candel\u00e1ria.<\/p>\n<\/div>\n<p id=\"page-author\"><span style=\"text-decoration: underline;\"><em><strong>Fonte: Rede Brasil Atual, com informa\u00e7\u00f5es da CUT<\/strong><\/em><\/span><\/p>\n","protected":false},"excerpt":{"rendered":"<p>Aumentou a ades\u00e3o \u00e0s paralisa\u00e7\u00f5es contra a &#8220;reforma&#8221; da Previd\u00eancia, que ser\u00e3o realizadas na segunda-feira (19) por v\u00e1rias centrais sindicais em todo o pa\u00eds. De acordo com a CUT, ap\u00f3s diversas assembleias, mais atos foram marcados pelo pa\u00eds. A proposta do governo deve ser votada no dia 19,\u00a020 ou 21 na C\u00e2mara dos Deputados. A [&hellip;]<\/p>\n","protected":false},"author":2,"featured_media":3814,"comment_status":"","ping_status":"","sticky":false,"template":"","format":"standard","meta":{"footnotes":""},"categories":[3],"tags":[],"class_list":["post-3815","post","type-post","status-publish","format-standard","has-post-thumbnail","hentry","category-noticias"],"_links":{"self":[{"href":"https:\/\/hostnetart.com.br\/baixada\/wp-json\/wp\/v2\/posts\/3815","targetHints":{"allow":["GET"]}}],"collection":[{"href":"https:\/\/hostnetart.com.br\/baixada\/wp-json\/wp\/v2\/posts"}],"about":[{"href":"https:\/\/hostnetart.com.br\/baixada\/wp-json\/wp\/v2\/types\/post"}],"author":[{"embeddable":true,"href":"https:\/\/hostnetart.com.br\/baixada\/wp-json\/wp\/v2\/users\/2"}],"replies":[{"embeddable":true,"href":"https:\/\/hostnetart.com.br\/baixada\/wp-json\/wp\/v2\/comments?post=3815"}],"version-history":[{"count":0,"href":"https:\/\/hostnetart.com.br\/baixada\/wp-json\/wp\/v2\/posts\/3815\/revisions"}],"wp:featuredmedia":[{"embeddable":true,"href":"https:\/\/hostnetart.com.br\/baixada\/wp-json\/wp\/v2\/media\/3814"}],"wp:attachment":[{"href":"https:\/\/hostnetart.com.br\/baixada\/wp-json\/wp\/v2\/media?parent=3815"}],"wp:term":[{"taxonomy":"category","embeddable":true,"href":"https:\/\/hostnetart.com.br\/baixada\/wp-json\/wp\/v2\/categories?post=3815"},{"taxonomy":"post_tag","embeddable":true,"href":"https:\/\/hostnetart.com.br\/baixada\/wp-json\/wp\/v2\/tags?post=3815"}],"curies":[{"name":"wp","href":"https:\/\/api.w.org\/{rel}","templated":true}]}}