{"id":3809,"date":"2018-02-14T12:10:32","date_gmt":"2018-02-14T14:10:32","guid":{"rendered":"https:\/\/hostnetart.com.br\/baixada\/mais-um-golpe-pec-limita-acesso-a-justica-do-trabalho\/"},"modified":"2018-02-14T12:10:32","modified_gmt":"2018-02-14T14:10:32","slug":"mais-um-golpe-pec-limita-acesso-a-justica-do-trabalho","status":"publish","type":"post","link":"https:\/\/hostnetart.com.br\/baixada\/mais-um-golpe-pec-limita-acesso-a-justica-do-trabalho\/","title":{"rendered":"Mais um golpe: PEC limita acesso \u00e0 Justi\u00e7a do Trabalho"},"content":{"rendered":"<div class=\"content\">\n<p><span style=\"text-decoration: underline;\"><em>Proposta reduz per\u00edodo sobre o qual \u00e9 poss\u00edvel requerer direitos na Justi\u00e7a, limita prazo para ingressar com a\u00e7\u00e3o, aumenta jornada e reduz aviso pr\u00e9vio<\/em><\/span><\/p>\n<p>O ano somente come\u00e7ou e outra bomba armada no Congresso Nacional est\u00e1 mais perto de explodir no colo dos trabalhadores. Uma <a href=\"http:\/\/admin.contrafcut.com.br\/system\/uploads\/ck\/files\/PEC300_2016.PDF\" target=\"_blank\" rel=\"noopener noreferrer\"><ins><strong>Proposta de Emenda \u00e0 Constitui\u00e7\u00e3o<\/strong><\/ins><\/a> de autoria do deputado Mauro Lopes (PMDB-MG), a PEC 300\/2016, determina que o trabalhador s\u00f3 poder\u00e1 ingressar na Justi\u00e7a para requerer direitos \u2013 como horas trabalhadas e n\u00e3o pagas corretamente \u2013 retroativos a dois anos ap\u00f3s o fim do contrato de trabalho. E a a\u00e7\u00e3o s\u00f3 poder\u00e1 ser movida em um prazo de, no m\u00e1ximo, tr\u00eas meses ap\u00f3s a demiss\u00e3o.<\/p>\n<p>Atualmente, o trabalhador pode ingressar com a\u00e7\u00e3o para requerer os direitos dos \u00faltimos cinco anos anteriores ao fim do contrato de trabalho. E a a\u00e7\u00e3o pode ser ingressada at\u00e9 dois anos ap\u00f3s a demiss\u00e3o.\u00a0<\/p>\n<p>A PEC 300 tamb\u00e9m determina que os valores em lit\u00edgio sejam obrigatoriamente debatidos em uma Comiss\u00e3o de Concilia\u00e7\u00e3o Pr\u00e9via (CCP) antes de a Justi\u00e7a ser acionada. As CCPs (ou Comiss\u00f5es de Concilia\u00e7\u00e3o Volunt\u00e1ria) s\u00e3o um f\u00f3rum extrajudicial, atualmente facultativo, formado entre representantes do empregador, do funcion\u00e1rio e do sindicato, para debater os direitos trabalhistas em quest\u00e3o sem a necessidade de recorrer aos tribunais.<\/p>\n<p>\u201cO problema \u00e9 que o empregador poder\u00e1 postergar o agendamento da CCP para fazer com que o funcion\u00e1rio perca o prazo de tr\u00eas meses para ingressar com a\u00e7\u00e3o na Justi\u00e7a\u201d, alerta o secret\u00e1rio de Assuntos Jur\u00eddicos do Sindicato, Jo\u00e3o Fukunaga.<\/p>\n<p>Atualmente, a Justi\u00e7a entende que a CCP n\u00e3o \u00e9 obrigat\u00f3ria. E mesmo se o funcion\u00e1rio optar por recorrer a este meio, o prazo para ingressar com a\u00e7\u00e3o na Justi\u00e7a, que atualmente \u00e9 de dois anos, fica suspenso. Portanto, n\u00e3o h\u00e1 risco de prescri\u00e7\u00e3o.<\/p>\n<p>E os ataques contidos na PEC n\u00e3o param por a\u00ed. A proposta tamb\u00e9m prev\u00ea aumento da jornada de trabalho de oito para 10 horas e aviso pr\u00e9vio de apenas 30 dias. Pela lei atual, o aviso pr\u00e9vio \u00e9 proporcional ao tempo de contrato de trabalho. Cada ano trabalhado acresce tr\u00eas dias no aviso pr\u00e9vio, que \u00e9 de no m\u00ednimo 30 no m\u00e1ximo 90 dias.<\/p>\n<p>A Conven\u00e7\u00e3o Coletiva de Trabalho (CCT) dos Banc\u00e1rios garante aviso pr\u00e9vio ainda maior: de at\u00e9 120 dias, nas seguintes regras: entre 0 e 5 anos trabalhados, 60 dias; de 5 a 10 anos, 75 dias; de 10 a 20 anos, 90 dias; a acima de 20 anos 120 dias.<\/p>\n<p><strong>Tramita\u00e7\u00e3o<\/strong><br \/> No dia 31 de janeiro, foi designado o deputado L uiz Fernando Faria (PP-MG) para a relatoria da PEC (300\/2016) na Comiss\u00e3o de Constitui\u00e7\u00e3o e Justi\u00e7a da C\u00e2mara. Para se converter em emenda constitucional, a proposta precisa dos votos favor\u00e1veis de 308 dos 513 deputados e de 54 senadores, em dois turnos. \u00a0<\/p>\n<p>\u201cEste \u00e9 mais um ataque direcionado aos trabalhadores arquitetado em um Congresso Nacional dominado por empres\u00e1rios ou por parlamentares que defendem os interesses patronais. E \u00e9 mais um exemplo concreto da import\u00e2ncia de se eleger representantes comprometidos com os interesses e direitos dos trabalhadores\u201d, alerta Jo\u00e3o Fukunaga.<\/p>\n<p>&gt; <strong><a href=\"http:\/\/spbancarios.com.br\/06\/2017\/por-que-estao-acabando-com-nossos-direitos\" target=\"_blank\" rel=\"noopener noreferrer\"><ins>Por que est\u00e3o acabando com nossos direitos<\/ins>?<\/a><\/strong><\/p>\n<p>No ano passado, foi aprovada e entrou em vigor a reforma trabalhista (Lei 13.467\/2017). Dentre outros pontos prejudiciais aos trabalhadores, a nova lei determina que o empregado que acionar o empregador na Justi\u00e7a e perder a a\u00e7\u00e3o, <ins><strong><a href=\"http:\/\/spbancarios.com.br\/12\/2017\/reforma-trabalhista-ataca-direito-justica\" target=\"_blank\" rel=\"noopener noreferrer\">ter\u00e1 de arcar com as custas do processo, incluindo os honor\u00e1rios advocat\u00edcios da empresa<\/a><\/strong><\/ins>.<\/p>\n<p>&gt; <ins><strong><a href=\"http:\/\/spbancarios.com.br\/09\/2017\/saiba-como-vai-ficar-sua-vida-com-mudancas-na-lei-trabalhista\" target=\"_blank\" rel=\"noopener noreferrer\">Saiba o que mudou com a reforma trabalhista de Temer<\/a><\/strong><\/ins><\/p>\n<\/div>\n<p id=\"page-author\">Fonte: SPBanc\u00e1rios<\/p>\n","protected":false},"excerpt":{"rendered":"<p>Proposta reduz per\u00edodo sobre o qual \u00e9 poss\u00edvel requerer direitos na Justi\u00e7a, limita prazo para ingressar com a\u00e7\u00e3o, aumenta jornada e reduz aviso pr\u00e9vio O ano somente come\u00e7ou e outra bomba armada no Congresso Nacional est\u00e1 mais perto de explodir no colo dos trabalhadores. Uma Proposta de Emenda \u00e0 Constitui\u00e7\u00e3o de autoria do deputado Mauro [&hellip;]<\/p>\n","protected":false},"author":2,"featured_media":3808,"comment_status":"","ping_status":"","sticky":false,"template":"","format":"standard","meta":{"footnotes":""},"categories":[3],"tags":[],"class_list":["post-3809","post","type-post","status-publish","format-standard","has-post-thumbnail","hentry","category-noticias"],"_links":{"self":[{"href":"https:\/\/hostnetart.com.br\/baixada\/wp-json\/wp\/v2\/posts\/3809","targetHints":{"allow":["GET"]}}],"collection":[{"href":"https:\/\/hostnetart.com.br\/baixada\/wp-json\/wp\/v2\/posts"}],"about":[{"href":"https:\/\/hostnetart.com.br\/baixada\/wp-json\/wp\/v2\/types\/post"}],"author":[{"embeddable":true,"href":"https:\/\/hostnetart.com.br\/baixada\/wp-json\/wp\/v2\/users\/2"}],"replies":[{"embeddable":true,"href":"https:\/\/hostnetart.com.br\/baixada\/wp-json\/wp\/v2\/comments?post=3809"}],"version-history":[{"count":0,"href":"https:\/\/hostnetart.com.br\/baixada\/wp-json\/wp\/v2\/posts\/3809\/revisions"}],"wp:featuredmedia":[{"embeddable":true,"href":"https:\/\/hostnetart.com.br\/baixada\/wp-json\/wp\/v2\/media\/3808"}],"wp:attachment":[{"href":"https:\/\/hostnetart.com.br\/baixada\/wp-json\/wp\/v2\/media?parent=3809"}],"wp:term":[{"taxonomy":"category","embeddable":true,"href":"https:\/\/hostnetart.com.br\/baixada\/wp-json\/wp\/v2\/categories?post=3809"},{"taxonomy":"post_tag","embeddable":true,"href":"https:\/\/hostnetart.com.br\/baixada\/wp-json\/wp\/v2\/tags?post=3809"}],"curies":[{"name":"wp","href":"https:\/\/api.w.org\/{rel}","templated":true}]}}