{"id":3807,"date":"2018-02-09T13:37:28","date_gmt":"2018-02-09T15:37:28","guid":{"rendered":"https:\/\/hostnetart.com.br\/baixada\/desemprego-e-informalidade-fazem-previdencia-deixar-de-arrecadar-r-25-bi\/"},"modified":"2018-02-09T13:37:28","modified_gmt":"2018-02-09T15:37:28","slug":"desemprego-e-informalidade-fazem-previdencia-deixar-de-arrecadar-r-25-bi","status":"publish","type":"post","link":"https:\/\/hostnetart.com.br\/baixada\/desemprego-e-informalidade-fazem-previdencia-deixar-de-arrecadar-r-25-bi\/","title":{"rendered":"Desemprego e informalidade fazem Previd\u00eancia deixar de arrecadar R$ 25 bi"},"content":{"rendered":"<p>Um estudo divulgado pela Confedera\u00e7\u00e3o Nacional dos Trabalhadores na Agricultura (Contag) aponta uma arrecada\u00e7\u00e3o potencial superior a R$ 25 bilh\u00f5es no ano para a Previd\u00eancia Social que poderia ser obtida sem desemprego e o n\u00edvel atual de informalidade no mercado de trabalho. Elaborado pela subse\u00e7\u00e3o do Dieese na entidade, o estudo considera a for\u00e7a de trabalho brasileira, medida pelo IBGE, e o impacto da eventual contribui\u00e7\u00e3o de desempregados e trabalhadores informais no pa\u00eds.<\/p>\n<p>&#8220;Para receber um benef\u00edcio como aux\u00edlio-doen\u00e7a, sal\u00e1rio-maternidade, entre outros, \u00e9 preciso contribuir para a Previd\u00eancia Social. E sabemos que boa parte de quem se encontra na informalidade n\u00e3o consegue fazer esta contribui\u00e7\u00e3o. Precisamos de empregos de qualidade, com sal\u00e1rio digno e rela\u00e7\u00f5es formais para assegurar o direito de todos e todas ao sistema previdenci\u00e1rio brasileiro&#8221;, afirma o presidente da Contag, Aristides Santos.<\/p>\n<p>Os dados da <a class=\"internal-link\" title=\"\" href=\"http:\/\/www.redebrasilatual.com.br\/economia\/2018\/01\/sob-temer-recuperacao-do-mercado-se-da-pela-informalidade\" target=\"_blank\" rel=\"noopener noreferrer\">Pesquisa Nacional por Amostra de Domic\u00edlios Cont\u00ednua (Pnad-C)<\/a>, do IBGE, mostra uma m\u00e9dia, em 2017, de 90,6 milh\u00f5es de ocupados e 13,2 milh\u00f5es de desempregados no pa\u00eds. Entre os ocupados, 33,3 milh\u00f5es de empregados com carteira e 10,7 milh\u00f5es sem carteira assinada, al\u00e9m de 22,7 milh\u00f5es de trabalhadores por conta pr\u00f3pria, entre outras categorias.<\/p>\n<p>Os ocupados tinham rendimento m\u00e9dio de R$ 2.141, caindo para R$ 1.234 entre os sem-carteira. O sal\u00e1rio m\u00ednimo (R$ 937 no ano passado) era a remunera\u00e7\u00e3o de 48 milh\u00f5es de pessoas, segundo estimativa do Dieese, n\u00famero que corresponde a quase metade dos ocupados. O instituto estima que o reajuste de 1,81% no m\u00ednimo este ano (abaixo da infla\u00e7\u00e3o) representar\u00e1 um incremento de R$ 10,5 bilh\u00f5es na economia, incluindo a arrecada\u00e7\u00e3o tribut\u00e1ria.<\/p>\n<p>O estudo parte da suposi\u00e7\u00e3o de que todos os 13,2 milh\u00f5es de desempregados estariam trabalhando e recebendo como remunera\u00e7\u00e3o o correspondente a um sal\u00e1rio m\u00ednimo. Com 8% da contribui\u00e7\u00e3o previdenci\u00e1ria, haveria uma arrecada\u00e7\u00e3o mensal a mais de R$ 914,5 milh\u00f5es \u2013 R$ 11,9 bilh\u00f5es no ano, considerando o 13\u00ba.<\/p>\n<p>Ainda por esse cen\u00e1rio, caso os 10,7 milh\u00f5es de empregados sem registro contribu\u00edssem para a Previd\u00eancia Social, com o sal\u00e1rio m\u00e9dio de R$ 1.234, a arrecada\u00e7\u00e3o adicional seria de R$ 1,06 bilh\u00e3o por m\u00eas e R$ 13,7 bilh\u00f5es\/ano.<\/p>\n<p>&#8220;A gera\u00e7\u00e3o de emprego com carteira assinada bem como a formaliza\u00e7\u00e3o no mercado de trabalho diminuiria o suposto &#8216;d\u00e9ficit&#8217; l\u00edquido previdenci\u00e1rio em 2017 na ordem de R$ 25,6 bilh\u00f5es \u2013 isso desconsiderando nos c\u00e1lculos os 22,7 milh\u00f5es de trabalhadores por conta pr\u00f3pria, 6,2 milh\u00f5es de trabalhadores dom\u00e9sticos e 2,2 milh\u00f5es de trabalhadores familiares auxiliares que, em sua maioria, est\u00e3o fora do sistema previdenci\u00e1rio&#8221;, diz a Contag.<\/p>\n","protected":false},"excerpt":{"rendered":"<p>Um estudo divulgado pela Confedera\u00e7\u00e3o Nacional dos Trabalhadores na Agricultura (Contag) aponta uma arrecada\u00e7\u00e3o potencial superior a R$ 25 bilh\u00f5es no ano para a Previd\u00eancia Social que poderia ser obtida sem desemprego e o n\u00edvel atual de informalidade no mercado de trabalho. Elaborado pela subse\u00e7\u00e3o do Dieese na entidade, o estudo considera a for\u00e7a de [&hellip;]<\/p>\n","protected":false},"author":2,"featured_media":3806,"comment_status":"","ping_status":"","sticky":false,"template":"","format":"standard","meta":{"footnotes":""},"categories":[3],"tags":[],"class_list":["post-3807","post","type-post","status-publish","format-standard","has-post-thumbnail","hentry","category-noticias"],"_links":{"self":[{"href":"https:\/\/hostnetart.com.br\/baixada\/wp-json\/wp\/v2\/posts\/3807","targetHints":{"allow":["GET"]}}],"collection":[{"href":"https:\/\/hostnetart.com.br\/baixada\/wp-json\/wp\/v2\/posts"}],"about":[{"href":"https:\/\/hostnetart.com.br\/baixada\/wp-json\/wp\/v2\/types\/post"}],"author":[{"embeddable":true,"href":"https:\/\/hostnetart.com.br\/baixada\/wp-json\/wp\/v2\/users\/2"}],"replies":[{"embeddable":true,"href":"https:\/\/hostnetart.com.br\/baixada\/wp-json\/wp\/v2\/comments?post=3807"}],"version-history":[{"count":0,"href":"https:\/\/hostnetart.com.br\/baixada\/wp-json\/wp\/v2\/posts\/3807\/revisions"}],"wp:featuredmedia":[{"embeddable":true,"href":"https:\/\/hostnetart.com.br\/baixada\/wp-json\/wp\/v2\/media\/3806"}],"wp:attachment":[{"href":"https:\/\/hostnetart.com.br\/baixada\/wp-json\/wp\/v2\/media?parent=3807"}],"wp:term":[{"taxonomy":"category","embeddable":true,"href":"https:\/\/hostnetart.com.br\/baixada\/wp-json\/wp\/v2\/categories?post=3807"},{"taxonomy":"post_tag","embeddable":true,"href":"https:\/\/hostnetart.com.br\/baixada\/wp-json\/wp\/v2\/tags?post=3807"}],"curies":[{"name":"wp","href":"https:\/\/api.w.org\/{rel}","templated":true}]}}