{"id":3799,"date":"2018-02-08T19:30:24","date_gmt":"2018-02-08T21:30:24","guid":{"rendered":"https:\/\/hostnetart.com.br\/baixada\/souto-maior-opina-sobre-auxilio-moradia\/"},"modified":"2018-02-08T19:30:24","modified_gmt":"2018-02-08T21:30:24","slug":"souto-maior-opina-sobre-auxilio-moradia","status":"publish","type":"post","link":"https:\/\/hostnetart.com.br\/baixada\/souto-maior-opina-sobre-auxilio-moradia\/","title":{"rendered":"Souto Maior opina sobre aux\u00edlio-moradia"},"content":{"rendered":"<div class=\"content\">\n<p>Jorge Luiz Souto Maior, titular da 3\u00aa Vara do Trabalho de Jundia\u00ed (SP), publicou em seu blog um texto sobre uma das maiores pol\u00eamicas dos \u00faltimos dias no Brasil: o aux\u00edlio-moradia para ju\u00edzes e as declara\u00e7\u00f5es de Sergio Moro, juiz da 13.\u00aa Vara Criminal Federal de Curitiba, sobre o recebimento por ele do benef\u00edcio, mesmo possuindo im\u00f3vel pr\u00f3prio na mesma cidade em que exerce suas fun\u00e7\u00f5es.<\/p>\n<p>Para Souto Maior, \u201cconsiderando os termos do \u00a7 4\u00ba. do art. 39, o aux\u00edlio-moradia, da forma como concebido, ou seja, por meio de uma decis\u00e3o judicial, que declarou, inclusive, sua natureza indenizat\u00f3ria, sob o fundamento de se prover ju\u00edzes em raz\u00e3o de aus\u00eancia de moradia oficial, \u00e9 flagrantemente inconstitucional\u201d.<\/p>\n<p>O juiz da 3\u00aa Vara do Trabalho de Jundia\u00ed (SP) explicou ainda que o aux\u00edlio-moradia n\u00e3o \u00e9 concedido indistintamente para todos os ju\u00edzes, como disse Sergio Moro para justificar o privil\u00e9gio. Souto Maior disse que, o juiz que quiser receber o privil\u00e9gio deve solicitar expressamente o pagamento.<\/p>\n<p>Para o juiz de Jundia\u00ed, al\u00e9m de ser inconstitucional, \u201c concess\u00e3o do aux\u00edlio-moradia \u00e9 tamb\u00e9m irregular porque a decis\u00e3o judicial que lhe constitui \u00e9 de flagrante parcialidade vez que, inexplicavelmente, n\u00e3o atinge a outros trabalhadores na mesma situa\u00e7\u00e3o\u201d.<\/p>\n<p>Em determinado trecho do texto, Souto Maior ainda faz uma cr\u00edtica velada \u00e0s acusa\u00e7\u00f5es que est\u00e3o sendo feitas por procuradores do Minist\u00e9rio P\u00fablico de Curitiba, que respaldadas por Sergio Moro, ao lembrar que \u201cvivemos um momento grave na nossa hist\u00f3ria em que as convic\u00e7\u00f5es est\u00e3o sendo utilizadas para solapar garantias constitucionais e preocupa-me muito quando o Judici\u00e1rio, envolvido no dilema, reproduza a mesma l\u00f3gica, vez que isso s\u00f3 refor\u00e7a as pr\u00e1ticas ilegais e abala a legitimidade do Judici\u00e1rio para corrigi-las.\u201d<\/p>\n<p>Leia a <a href=\"https:\/\/www.jorgesoutomaior.com\/blog\/moro-em-qualquer-lugar\">\u00edntegra do texto<\/a> que o juiz Jorge Luiz Souto Maior publicou em seu blog.<\/p>\n<\/div>\n<p id=\"page-author\"><span style=\"text-decoration: underline;\"><em><strong>Fonte: Contraf-CUT<\/strong><\/em><\/span><\/p>\n","protected":false},"excerpt":{"rendered":"<p>Jorge Luiz Souto Maior, titular da 3\u00aa Vara do Trabalho de Jundia\u00ed (SP), publicou em seu blog um texto sobre uma das maiores pol\u00eamicas dos \u00faltimos dias no Brasil: o aux\u00edlio-moradia para ju\u00edzes e as declara\u00e7\u00f5es de Sergio Moro, juiz da 13.\u00aa Vara Criminal Federal de Curitiba, sobre o recebimento por ele do benef\u00edcio, mesmo [&hellip;]<\/p>\n","protected":false},"author":2,"featured_media":3798,"comment_status":"","ping_status":"","sticky":false,"template":"","format":"standard","meta":{"footnotes":""},"categories":[3],"tags":[],"class_list":["post-3799","post","type-post","status-publish","format-standard","has-post-thumbnail","hentry","category-noticias"],"_links":{"self":[{"href":"https:\/\/hostnetart.com.br\/baixada\/wp-json\/wp\/v2\/posts\/3799","targetHints":{"allow":["GET"]}}],"collection":[{"href":"https:\/\/hostnetart.com.br\/baixada\/wp-json\/wp\/v2\/posts"}],"about":[{"href":"https:\/\/hostnetart.com.br\/baixada\/wp-json\/wp\/v2\/types\/post"}],"author":[{"embeddable":true,"href":"https:\/\/hostnetart.com.br\/baixada\/wp-json\/wp\/v2\/users\/2"}],"replies":[{"embeddable":true,"href":"https:\/\/hostnetart.com.br\/baixada\/wp-json\/wp\/v2\/comments?post=3799"}],"version-history":[{"count":0,"href":"https:\/\/hostnetart.com.br\/baixada\/wp-json\/wp\/v2\/posts\/3799\/revisions"}],"wp:featuredmedia":[{"embeddable":true,"href":"https:\/\/hostnetart.com.br\/baixada\/wp-json\/wp\/v2\/media\/3798"}],"wp:attachment":[{"href":"https:\/\/hostnetart.com.br\/baixada\/wp-json\/wp\/v2\/media?parent=3799"}],"wp:term":[{"taxonomy":"category","embeddable":true,"href":"https:\/\/hostnetart.com.br\/baixada\/wp-json\/wp\/v2\/categories?post=3799"},{"taxonomy":"post_tag","embeddable":true,"href":"https:\/\/hostnetart.com.br\/baixada\/wp-json\/wp\/v2\/tags?post=3799"}],"curies":[{"name":"wp","href":"https:\/\/api.w.org\/{rel}","templated":true}]}}