{"id":3797,"date":"2018-02-08T19:28:04","date_gmt":"2018-02-08T21:28:04","guid":{"rendered":"https:\/\/hostnetart.com.br\/baixada\/comite-define-acoes-para-defesa-da-caixa-publica-em-2018\/"},"modified":"2018-02-08T19:28:04","modified_gmt":"2018-02-08T21:28:04","slug":"comite-define-acoes-para-defesa-da-caixa-publica-em-2018","status":"publish","type":"post","link":"https:\/\/hostnetart.com.br\/baixada\/comite-define-acoes-para-defesa-da-caixa-publica-em-2018\/","title":{"rendered":"Comit\u00ea define a\u00e7\u00f5es para defesa da Caixa p\u00fablica em 2018"},"content":{"rendered":"<div class=\"content\">\n<p>Os representantes do Comit\u00ea Nacional em Defesa das Empresas P\u00fablicas reunidos, nesta quarta (7), na sede da Federa\u00e7\u00e3o Nacional das Associa\u00e7\u00f5es do Pessoal da Caixa (Fenae), em Bras\u00edlia, definiram s\u00e9rie de a\u00e7\u00f5es para ampliar e fortalecer a luta pelo banco p\u00fablico. Entre as iniciativas previstas para o ano est\u00e3o a elabora\u00e7\u00e3o de carta-compromisso aos candidatos que concorrer\u00e3o \u00e0s elei\u00e7\u00f5es de outubro, vinculando a manuten\u00e7\u00e3o da Caixa ao desenvolvimento do Brasil; divulga\u00e7\u00e3o da campanha \u00b4Defenda a Caixa voc\u00ea tamb\u00e9m\u00b4 com a presen\u00e7a de personalidades e den\u00fancias sobre as interven\u00e7\u00f5es do Minist\u00e9rio da Fazenda na gest\u00e3o da institui\u00e7\u00e3o, j\u00e1 que agora, com o novo estatuto, quest\u00f5es como acordos coletivos, PLR, contrata\u00e7\u00f5es e Sa\u00fade Caixa passam a ter que ser aprovadas pelo Conselho de Administra\u00e7\u00e3o, majoritariamente composto por integrantes desta Pasta.<\/p>\n<p>\u201cA defesa da Caixa precisa estar vinculada \u00e0 defesa da democracia\u201d, afirmou a coordenadora do comit\u00ea, Rita Serrano, que tamb\u00e9m \u00e9 representante dos empregados no CA do banco e diretora da Fenae. Ela ressaltou, ainda, que a sobreviv\u00eancia da Caixa em um futuro pr\u00f3ximo vai depender da situa\u00e7\u00e3o pol\u00edtica do Pa\u00eds e de um projeto de governo. Dentro dessa perspectiva, foi aprovada ainda a realiza\u00e7\u00e3o de um ato ou semin\u00e1rio em defesa da Caixa dentro do Congresso Nacional, buscando assim unir a luta pela manuten\u00e7\u00e3o do banco 100% p\u00fablico com a defesa da democracia, da cidadania e da justi\u00e7a social. Na avalia\u00e7\u00e3o dos participantes do encontro, seja qual for a conjuntura predominante no Pa\u00eds, o car\u00e1ter 100% p\u00fablico da Caixa Econ\u00f4mica precisa ser reafirmado cada vez mais.<\/p>\n<p><strong>Balan\u00e7o<\/strong><\/p>\n<p>Num balan\u00e7o das a\u00e7\u00f5es promovidas pela campanha \u201cDefenda a Caixa voc\u00ea tamb\u00e9m\u201d, os integrantes do comit\u00ea consideram produtivos os resultados at\u00e9 ent\u00e3o obtidos. Nessa etapa de intensifica\u00e7\u00e3o, o foco central ser\u00e1 a valoriza\u00e7\u00e3o dos empregados do banco, associado ao cen\u00e1rio eleitoral de outubro, com uma proposta de plano de governo preocupada com a democracia brasileira. Para o presidente da Fenae, Jair Pedro Ferreira, a falta de empregados \u00e9 um problema cr\u00f4nico que tende a se agravar com o enxugamento cada vez maior da empresa. \u201cA mobiliza\u00e7\u00e3o pela contrata\u00e7\u00e3o de mais empregados \u00e9 uma estrat\u00e9gia que anda de bra\u00e7os dados com a manuten\u00e7\u00e3o da Caixa 100% p\u00fablica e com a luta contra os ataques \u00e0s empresas estatais e aos bancos p\u00fablicos\u201d, pontuou.<\/p>\n<p>Al\u00e9m de Rita e Jair, participaram da reuni\u00e3o do comit\u00ea a representante da Federa\u00e7\u00e3o Nacional das Associa\u00e7\u00f5es de Aposentados e Pensionistas da Caixa (Fenacef) e diretora da Fenae, Marlene Dias; o diretor de Rela\u00e7\u00f5es Institucionais da Federa\u00e7\u00e3o Nacional das Associa\u00e7\u00f5es dos Gestores da Caixa (Fenag), Marconi Apolo; o presidente da Associa\u00e7\u00e3o Nacional dos Engenheiros e Arquitetos da Caixa (Aneac), Fernando de Carvalho Turino e a diretora de Juventude da Confedera\u00e7\u00e3o Nacional dos Trabalhadores do Ramo Financeiro (Contraf\/CUT), Fabiana Uehara.\u00a0\u00a0<\/p>\n<\/div>\n<p id=\"page-author\"><strong><em><span style=\"text-decoration: underline;\">Fonte: Comit\u00ea Nacional em Defesa das Empresas P\u00fablicas<\/span><\/em><\/strong><\/p>\n","protected":false},"excerpt":{"rendered":"<p>Os representantes do Comit\u00ea Nacional em Defesa das Empresas P\u00fablicas reunidos, nesta quarta (7), na sede da Federa\u00e7\u00e3o Nacional das Associa\u00e7\u00f5es do Pessoal da Caixa (Fenae), em Bras\u00edlia, definiram s\u00e9rie de a\u00e7\u00f5es para ampliar e fortalecer a luta pelo banco p\u00fablico. Entre as iniciativas previstas para o ano est\u00e3o a elabora\u00e7\u00e3o de carta-compromisso aos candidatos [&hellip;]<\/p>\n","protected":false},"author":2,"featured_media":3796,"comment_status":"","ping_status":"","sticky":false,"template":"","format":"standard","meta":{"footnotes":""},"categories":[3],"tags":[],"class_list":["post-3797","post","type-post","status-publish","format-standard","has-post-thumbnail","hentry","category-noticias"],"_links":{"self":[{"href":"https:\/\/hostnetart.com.br\/baixada\/wp-json\/wp\/v2\/posts\/3797","targetHints":{"allow":["GET"]}}],"collection":[{"href":"https:\/\/hostnetart.com.br\/baixada\/wp-json\/wp\/v2\/posts"}],"about":[{"href":"https:\/\/hostnetart.com.br\/baixada\/wp-json\/wp\/v2\/types\/post"}],"author":[{"embeddable":true,"href":"https:\/\/hostnetart.com.br\/baixada\/wp-json\/wp\/v2\/users\/2"}],"replies":[{"embeddable":true,"href":"https:\/\/hostnetart.com.br\/baixada\/wp-json\/wp\/v2\/comments?post=3797"}],"version-history":[{"count":0,"href":"https:\/\/hostnetart.com.br\/baixada\/wp-json\/wp\/v2\/posts\/3797\/revisions"}],"wp:featuredmedia":[{"embeddable":true,"href":"https:\/\/hostnetart.com.br\/baixada\/wp-json\/wp\/v2\/media\/3796"}],"wp:attachment":[{"href":"https:\/\/hostnetart.com.br\/baixada\/wp-json\/wp\/v2\/media?parent=3797"}],"wp:term":[{"taxonomy":"category","embeddable":true,"href":"https:\/\/hostnetart.com.br\/baixada\/wp-json\/wp\/v2\/categories?post=3797"},{"taxonomy":"post_tag","embeddable":true,"href":"https:\/\/hostnetart.com.br\/baixada\/wp-json\/wp\/v2\/tags?post=3797"}],"curies":[{"name":"wp","href":"https:\/\/api.w.org\/{rel}","templated":true}]}}