{"id":3793,"date":"2018-02-07T23:04:12","date_gmt":"2018-02-08T01:04:12","guid":{"rendered":"https:\/\/hostnetart.com.br\/baixada\/bancarios-podem-ter-feriado-na-quarta-feira-de-cinzas-e-o-sindbaixada-e-um-dos-incentivadores\/"},"modified":"2018-02-07T23:04:12","modified_gmt":"2018-02-08T01:04:12","slug":"bancarios-podem-ter-feriado-na-quarta-feira-de-cinzas-e-o-sindbaixada-e-um-dos-incentivadores","status":"publish","type":"post","link":"https:\/\/hostnetart.com.br\/baixada\/bancarios-podem-ter-feriado-na-quarta-feira-de-cinzas-e-o-sindbaixada-e-um-dos-incentivadores\/","title":{"rendered":"Banc\u00e1rios podem ter feriado na quarta-feira de cinzas e o SindBaixada \u00e9 um dos incentivadores"},"content":{"rendered":"<p><span style=\"text-decoration: underline;\"><em>Medida n\u00e3o prejudicar\u00e1 pagamento de contas<\/em><\/span><\/p>\n<p>A Assembleia Legislativa do Estado do Rio de Janeiro (Alerj) aprovou, nesta quarta-feira (07\/02) o projeto de lei 3.433\/17, do deputado Andr\u00e9 Ceciliano (PT) que determina o feriado na quarta-feira de cinzas para as institui\u00e7\u00f5es banc\u00e1rias. A proposta ainda ser\u00e1 votada pela Casa em segunda discuss\u00e3o.<\/p>\n<p>O texto tamb\u00e9m diz que as faturas de cobran\u00e7a com vencimento na data do novo feriado ser\u00e3o postergadas at\u00e9 o primeiro dia \u00fatil subsequente, sem qualquer cobran\u00e7a adicional ao consumidor.<\/p>\n<p>De acordo com o autor, a medida tamb\u00e9m ajuda a melhorar o tr\u00e2nsito visto que as pessoas ter\u00e3o um dia a mais para pegar a estrada. &#8220;Essa \u00e9 uma reivindica\u00e7\u00e3o antiga da categoria e nada mais justo ap\u00f3s uma das festas mais importantes do nosso calend\u00e1rio, especialmente para a economia do nosso estado&#8221; disse o deputado.\u00a0\u00a0<\/p>\n<p>O Coordenador do Sindicato dos Banc\u00e1rios da Baixada Fluminense, Pedro Batista Fraga Henriques, um dos incentivadores e idealizadores da lei, comentou a import\u00e2ncia desta lei: &#8220;O feriado banc\u00e1rio \u00e9 uma reivindica\u00e7\u00e3o antiga da categoria. Agrade\u00e7o ao Deputado Estadual Andr\u00e9 Ceciliano por atender nosso pedido. E parab\u00e9ns a todo SindBaixada pela iniciativa e luta, que nunca para&#8221;.<\/p>\n<p>\u00a0<\/p>\n","protected":false},"excerpt":{"rendered":"<p>Medida n\u00e3o prejudicar\u00e1 pagamento de contas A Assembleia Legislativa do Estado do Rio de Janeiro (Alerj) aprovou, nesta quarta-feira (07\/02) o projeto de lei 3.433\/17, do deputado Andr\u00e9 Ceciliano (PT) que determina o feriado na quarta-feira de cinzas para as institui\u00e7\u00f5es banc\u00e1rias. A proposta ainda ser\u00e1 votada pela Casa em segunda discuss\u00e3o. O texto tamb\u00e9m [&hellip;]<\/p>\n","protected":false},"author":2,"featured_media":3792,"comment_status":"","ping_status":"","sticky":false,"template":"","format":"standard","meta":{"footnotes":""},"categories":[3],"tags":[],"class_list":["post-3793","post","type-post","status-publish","format-standard","has-post-thumbnail","hentry","category-noticias"],"_links":{"self":[{"href":"https:\/\/hostnetart.com.br\/baixada\/wp-json\/wp\/v2\/posts\/3793","targetHints":{"allow":["GET"]}}],"collection":[{"href":"https:\/\/hostnetart.com.br\/baixada\/wp-json\/wp\/v2\/posts"}],"about":[{"href":"https:\/\/hostnetart.com.br\/baixada\/wp-json\/wp\/v2\/types\/post"}],"author":[{"embeddable":true,"href":"https:\/\/hostnetart.com.br\/baixada\/wp-json\/wp\/v2\/users\/2"}],"replies":[{"embeddable":true,"href":"https:\/\/hostnetart.com.br\/baixada\/wp-json\/wp\/v2\/comments?post=3793"}],"version-history":[{"count":0,"href":"https:\/\/hostnetart.com.br\/baixada\/wp-json\/wp\/v2\/posts\/3793\/revisions"}],"wp:featuredmedia":[{"embeddable":true,"href":"https:\/\/hostnetart.com.br\/baixada\/wp-json\/wp\/v2\/media\/3792"}],"wp:attachment":[{"href":"https:\/\/hostnetart.com.br\/baixada\/wp-json\/wp\/v2\/media?parent=3793"}],"wp:term":[{"taxonomy":"category","embeddable":true,"href":"https:\/\/hostnetart.com.br\/baixada\/wp-json\/wp\/v2\/categories?post=3793"},{"taxonomy":"post_tag","embeddable":true,"href":"https:\/\/hostnetart.com.br\/baixada\/wp-json\/wp\/v2\/tags?post=3793"}],"curies":[{"name":"wp","href":"https:\/\/api.w.org\/{rel}","templated":true}]}}