{"id":3785,"date":"2018-02-07T12:26:48","date_gmt":"2018-02-07T14:26:48","guid":{"rendered":"https:\/\/hostnetart.com.br\/baixada\/reforma-da-previdencia-e-confisco-de-direitos\/"},"modified":"2018-02-07T12:26:48","modified_gmt":"2018-02-07T14:26:48","slug":"reforma-da-previdencia-e-confisco-de-direitos","status":"publish","type":"post","link":"https:\/\/hostnetart.com.br\/baixada\/reforma-da-previdencia-e-confisco-de-direitos\/","title":{"rendered":"&#8216;Reforma da Previd\u00eancia \u00e9 confisco de direitos&#8217;"},"content":{"rendered":"<p><em><span style=\"text-decoration: underline;\">Presidente Temer foi at\u00e9 Silvio Santos para defender a sua reforma, assim como fez Z\u00e9lia Cardoso de Mello em 1990, para garantir que o confisco das poupan\u00e7as traria benef\u00edcios para a economia<\/span><\/em><\/p>\n<p>Para tentar aprovar o seu projeto de reforma da Previd\u00eancia, que restringe o acesso \u00e0s aposentadorias, o presidente Michel Temer foi at\u00e9 o programa do apresentador Silvio Santos, na semana passada, alegando que sem as mudan\u00e7as os pagamentos dos aposentados estariam em risco num futuro pr\u00f3ximo. Em 1990, era a vez da ent\u00e3o ministra da Fazenda do governo Fernando Collor, Z\u00e9lia Cardoso de Mello, dividir o palco com o apresentador para tranquilizar a popula\u00e7\u00e3o, dizendo que o dinheiro do confisco da poupan\u00e7a logo seria devolvido, devidamente corrigido.<\/p>\n<p>O analista pol\u00edtico da TVT, Jos\u00e9 Lopez Feij\u00f3o, tra\u00e7a paralelo entre esses dois momentos para afirmar que as mudan\u00e7as que Temer pretende fazer na Previd\u00eancia trata-se, na verdade, de um confisco de direitos da popula\u00e7\u00e3o, novamente para beneficiar os bancos.<\/p>\n<p>&#8220;At\u00e9 hoje, milhares de poupadores ainda n\u00e3o receberam integralmente os seus recursos (confiscados por conta do chamado Plano Collor). Com essa reforma, \u00e9 a mesma coisa. Trata-se de um confisco de direitos que o governo quer nos convencer que \u00e9 bom para a popula\u00e7\u00e3o. N\u00e3o \u00e9 bom&#8221;, diz Feij\u00f3o.<\/p>\n<p>Ele cita declara\u00e7\u00f5es do ex-ministro da Previd\u00eancia Carlos Gabas (governos Lula e Dilma) que, em uma s\u00e9rie de v\u00eddeos produzidos pela TVT, desmente ponto a ponto o discurso oficial do governo e nega a necessidade de introduzir mudan\u00e7as t\u00e3o duras. O analista diz que o d\u00e9ficit nas contas dos sistemas de aposentadorias alegado pelo governo serve para justificar a reforma, e enfraquece o sistema p\u00fablico de aposentadorias em benef\u00edcio dos bancos privados e seguradoras.<\/p>\n<p>&#8220;\u00c9 disso que se trata, de for\u00e7ar as pessoas a procurarem um plano de previd\u00eancia privada que muitas vezes n\u00e3o conseguir\u00e3o sequer pagar para satisfazer o sistema financeiro e as grandes seguradoras que apoiaram o golpe de 2016&#8221;, destaca.<\/p>\n<p>\u00a0<\/p>\n","protected":false},"excerpt":{"rendered":"<p>Presidente Temer foi at\u00e9 Silvio Santos para defender a sua reforma, assim como fez Z\u00e9lia Cardoso de Mello em 1990, para garantir que o confisco das poupan\u00e7as traria benef\u00edcios para a economia Para tentar aprovar o seu projeto de reforma da Previd\u00eancia, que restringe o acesso \u00e0s aposentadorias, o presidente Michel Temer foi at\u00e9 o [&hellip;]<\/p>\n","protected":false},"author":2,"featured_media":3784,"comment_status":"","ping_status":"","sticky":false,"template":"","format":"standard","meta":{"footnotes":""},"categories":[3],"tags":[],"class_list":["post-3785","post","type-post","status-publish","format-standard","has-post-thumbnail","hentry","category-noticias"],"_links":{"self":[{"href":"https:\/\/hostnetart.com.br\/baixada\/wp-json\/wp\/v2\/posts\/3785","targetHints":{"allow":["GET"]}}],"collection":[{"href":"https:\/\/hostnetart.com.br\/baixada\/wp-json\/wp\/v2\/posts"}],"about":[{"href":"https:\/\/hostnetart.com.br\/baixada\/wp-json\/wp\/v2\/types\/post"}],"author":[{"embeddable":true,"href":"https:\/\/hostnetart.com.br\/baixada\/wp-json\/wp\/v2\/users\/2"}],"replies":[{"embeddable":true,"href":"https:\/\/hostnetart.com.br\/baixada\/wp-json\/wp\/v2\/comments?post=3785"}],"version-history":[{"count":0,"href":"https:\/\/hostnetart.com.br\/baixada\/wp-json\/wp\/v2\/posts\/3785\/revisions"}],"wp:featuredmedia":[{"embeddable":true,"href":"https:\/\/hostnetart.com.br\/baixada\/wp-json\/wp\/v2\/media\/3784"}],"wp:attachment":[{"href":"https:\/\/hostnetart.com.br\/baixada\/wp-json\/wp\/v2\/media?parent=3785"}],"wp:term":[{"taxonomy":"category","embeddable":true,"href":"https:\/\/hostnetart.com.br\/baixada\/wp-json\/wp\/v2\/categories?post=3785"},{"taxonomy":"post_tag","embeddable":true,"href":"https:\/\/hostnetart.com.br\/baixada\/wp-json\/wp\/v2\/tags?post=3785"}],"curies":[{"name":"wp","href":"https:\/\/api.w.org\/{rel}","templated":true}]}}