{"id":3777,"date":"2018-02-06T16:27:03","date_gmt":"2018-02-06T18:27:03","guid":{"rendered":"https:\/\/hostnetart.com.br\/baixada\/fim-da-aposentadoria-e-hora-de-intensificar-a-pressao\/"},"modified":"2018-02-06T16:27:03","modified_gmt":"2018-02-06T18:27:03","slug":"fim-da-aposentadoria-e-hora-de-intensificar-a-pressao","status":"publish","type":"post","link":"https:\/\/hostnetart.com.br\/baixada\/fim-da-aposentadoria-e-hora-de-intensificar-a-pressao\/","title":{"rendered":"Fim da Aposentadoria: \u00e9 hora de intensificar a press\u00e3o"},"content":{"rendered":"<div class=\"content\">\n<p>Na manh\u00e3 desta segunda-feira (5), com o fim do recesso parlamentar e a volta dos deputados \u00e0s atividades no Congresso Nacional, a milit\u00e2ncia cutista foi para as ruas e redes sociais intensificar a press\u00e3o contra a vota\u00e7\u00e3o da reforma da Previd\u00eancia, que acaba com a aposentadoria de milh\u00f5es de brasileiros e brasileiras.<\/p>\n<p><a href=\"https:\/\/cut.org.br\/system\/uploads\/ck\/images\/Presso-nos-deputados-aeroporto-de-Braslia-1.jpeg\"><img decoding=\"async\" src=\"https:\/\/cut.org.br\/system\/uploads\/ck\/images\/Presso-nos-deputados-aeroporto-de-Braslia-1.jpeg\" alt=\"Em Bras\u00edlia, milit\u00e2ncia aguarda a chegada dos deputados no aeroporto\" \/>Em Bras\u00edlia, milit\u00e2ncia aguarda a chegada dos deputados no aeroporto<\/a>Durante a madrugada, centenas de manifestantes se reuniram em diversos aeroportos do Pa\u00eds para abordar os deputados que estavam embarcando para \u00a0Bras\u00edlia. O recado, que j\u00e1 est\u00e1 bem claro para os parlamentares, foi refor\u00e7ado: se eles votarem a favor da reforma, n\u00e3o ser\u00e3o eleitos este ano &#8211; a maioria tentar\u00e1 a reelei\u00e7\u00e3o.<\/p>\n<p>Nas redes sociais, a press\u00e3o tamb\u00e9m foi intensificada. No Twitter, a hastag #QuemVotarN\u00e3oVolta ficou entre os tr\u00eas assuntos mais comentados durante toda manh\u00e3. O governo, que tentou emplacar a hastag #TodosPelaReforma no mesmo momento, s\u00f3 conseguiu apoio das p\u00e1ginas institucionais dos Minist\u00e9rios, comandadas por seus subordinados. O povo, que se apropriou da hastag, deixou claro para o governo que a opini\u00e3o p\u00fablica j\u00e1 entendeu que n\u00e3o se trata de reforma, mas sim do desmonte da Previd\u00eancia.<br \/>\u00a0<br \/><a href=\"https:\/\/cut.org.br\/system\/uploads\/ck\/images\/Presso-parlamentares-aeroporto-Bahia-5-02-18(1).jpg\"><img decoding=\"async\" src=\"https:\/\/cut.org.br\/system\/uploads\/ck\/images\/Presso-parlamentares-aeroporto-Bahia-5-02-18(1).jpg\" alt=\"Na Bahia, deputados eram aguardados no aeroporto\" \/>Na Bahia, deputados eram aguardados no aeroporto<\/a>Levantamento dos \u00faltimos 50 tweets mencionando #TodosPelaReforma constatou que as 20 men\u00e7\u00f5es favor\u00e1veis eram de p\u00e1ginas oficiais do governo, enquanto as 30 men\u00e7\u00f5es contr\u00e1rias eram dos usu\u00e1rios comuns da rede social, ou seja, da popula\u00e7\u00e3o brasileira que \u00e9 contra o fim da aposentadoria.\u00a0<a href=\"https:\/\/cut.org.br\/noticias\/cut-vox-85-sao-contra-o-fim-da-aposentadoria-e-71-acham-que-nao-vao-conseguir-se-faff\/\">Pesquisa Cut\/Vox<\/a>\u00a0mostrou que 85% da popula\u00e7\u00e3o \u00e9 contra a reforma.<br \/>\u00a0<br \/>Para o presidente da CUT, Vagner Freitas, a press\u00e3o sobre os parlamentares em suas bases eleitorais foi decisiva, at\u00e9 agora, para impedir que o governo ileg\u00edtimo e golpista de Michel Temer (MDB-SP) alcan\u00e7asse a exig\u00eancia m\u00ednima de 308 votos do total de 513 deputados para aprovar a impopular reforma da Previd\u00eancia.<\/p>\n<p>\u201cA press\u00e3o intensa feita por nossos sindicatos nas bases eleitorais dos deputados, nos aeroportos e nas pra\u00e7as p\u00fablicas, foi o que barrou at\u00e9 agora a entrada da medida na pauta de vota\u00e7\u00e3o da C\u00e2mara\u201d.<\/p>\n<p>E em ano de elei\u00e7\u00e3o, diz Vagner, \u201cningu\u00e9m vai querer ser enterrado politicamente junto com Temer, o mais impopular e rejeitado presidente que o Brasil j\u00e1 teve\u201d.<\/p>\n<p><strong>Press\u00e3o total<\/strong><br \/>Para ajudar na batalha nas redes sociais e nas ruas contra mais esse retrocesso, a CUT est\u00e1 disponibilizando a partir desta segunda-feira (5) memes com\u00a0foto e informa\u00e7\u00f5es de cada parlamentar, que poder\u00e3o ser impressas e usadas nos atos, como nos aeroportos, e utilizados nas redes sociais, como Facebook, Twitter, Instagram e Whatsapp.<br \/>\u00a0<br \/>S\u00e3o 366 memes \u2013 195 de deputados que est\u00e3o indecisos e 171 dos que est\u00e3o com Temer pelo fim da aposentadoria.<\/p>\n<p>Ao\u00a0<a href=\"https:\/\/drive.google.com\/drive\/folders\/1iKT73bYYG_dndrgWj8sigot6Eymsq28p\">acessar o link<\/a>, duas pastas estar\u00e3o dispon\u00edveis, com a lista dos deputados favor\u00e1veis \u00e0 reforma e dos indecisos, separados por estado. Acesse a pasta agora e ajude a aumentar a press\u00e3o.<br \/>\u00a0<br \/>O presidente da CUT conclama a milit\u00e2ncia neste fim de recesso parlamentar a intensificar a press\u00e3o sob os deputados utilizando todas as ferramentas criadas pela CUT.<br \/>\u00a0<br \/><a href=\"https:\/\/cut.org.br\/system\/uploads\/ck\/images\/Arte-Na-Presso.jpg\"><img decoding=\"async\" src=\"https:\/\/cut.org.br\/system\/uploads\/ck\/images\/Arte-Na-Presso.jpg\" alt=\"Arte: Edson Rimonatto\" \/>Arte: Edson Rimonatto<\/a>O\u00a0<a href=\"https:\/\/napressao.org.br\/campanha\/reforma-da-previdencia\">site\u00a0<em>Na Press\u00e3o<\/em><\/a>, lan\u00e7ado em junho de 2017 e\u00a0que permite contatar os parlamentares por e-mail, mensagens, telefone ou redes sociais, \u00e9 outra ferramenta criada pela CUT para auxiliar na press\u00e3o aos deputados.<\/p>\n<p>O site possibilita enviar, de uma s\u00f3 vez, e-mail para todos os parlamentares indecisos ou a favor da reforma do ileg\u00edtimo Temer pelo link &#8220;Ativar Ultra Press\u00e3o&#8221;.<br \/>\u00a0<br \/>Ao clicar na foto individual do parlamentar, \u00e9 poss\u00edvel acessar informa\u00e7\u00f5es completas, como partido, estado e at\u00e9 mesmo contato para envio de mensagens por meio do whatsapp.<br \/>\u00a0<br \/>\u201c\u00c9\u00a0<a href=\"https:\/\/napressao.org.br\/campanha\/reforma-da-previdencia\">s\u00f3 acessar o site<\/a>\u00a0e come\u00e7ar a press\u00e3o\u201d, orienta Vagner.<br \/>\u00a0<br \/>\u201cPressionar os deputados agora significa lutar hoje para garantir o direito \u00e0 aposentadoria amanh\u00e3. Todo o trabalhador e trabalhadora que dedica uma vida inteira ao trabalho sonha um dia em poder se aposentar. E \u00e9 por isso que estamos na luta\u201d, finaliza o presidente da CUT, Vagner Freitas.<\/p>\n<\/div>\n<p id=\"page-author\"><span style=\"text-decoration: underline;\"><em><strong>Fonte: CUT<\/strong><\/em><\/span><\/p>\n","protected":false},"excerpt":{"rendered":"<p>Na manh\u00e3 desta segunda-feira (5), com o fim do recesso parlamentar e a volta dos deputados \u00e0s atividades no Congresso Nacional, a milit\u00e2ncia cutista foi para as ruas e redes sociais intensificar a press\u00e3o contra a vota\u00e7\u00e3o da reforma da Previd\u00eancia, que acaba com a aposentadoria de milh\u00f5es de brasileiros e brasileiras. Em Bras\u00edlia, milit\u00e2ncia [&hellip;]<\/p>\n","protected":false},"author":2,"featured_media":3776,"comment_status":"","ping_status":"","sticky":false,"template":"","format":"standard","meta":{"footnotes":""},"categories":[3],"tags":[],"class_list":["post-3777","post","type-post","status-publish","format-standard","has-post-thumbnail","hentry","category-noticias"],"_links":{"self":[{"href":"https:\/\/hostnetart.com.br\/baixada\/wp-json\/wp\/v2\/posts\/3777","targetHints":{"allow":["GET"]}}],"collection":[{"href":"https:\/\/hostnetart.com.br\/baixada\/wp-json\/wp\/v2\/posts"}],"about":[{"href":"https:\/\/hostnetart.com.br\/baixada\/wp-json\/wp\/v2\/types\/post"}],"author":[{"embeddable":true,"href":"https:\/\/hostnetart.com.br\/baixada\/wp-json\/wp\/v2\/users\/2"}],"replies":[{"embeddable":true,"href":"https:\/\/hostnetart.com.br\/baixada\/wp-json\/wp\/v2\/comments?post=3777"}],"version-history":[{"count":0,"href":"https:\/\/hostnetart.com.br\/baixada\/wp-json\/wp\/v2\/posts\/3777\/revisions"}],"wp:featuredmedia":[{"embeddable":true,"href":"https:\/\/hostnetart.com.br\/baixada\/wp-json\/wp\/v2\/media\/3776"}],"wp:attachment":[{"href":"https:\/\/hostnetart.com.br\/baixada\/wp-json\/wp\/v2\/media?parent=3777"}],"wp:term":[{"taxonomy":"category","embeddable":true,"href":"https:\/\/hostnetart.com.br\/baixada\/wp-json\/wp\/v2\/categories?post=3777"},{"taxonomy":"post_tag","embeddable":true,"href":"https:\/\/hostnetart.com.br\/baixada\/wp-json\/wp\/v2\/tags?post=3777"}],"curies":[{"name":"wp","href":"https:\/\/api.w.org\/{rel}","templated":true}]}}