{"id":3775,"date":"2018-02-06T16:25:23","date_gmt":"2018-02-06T18:25:23","guid":{"rendered":"https:\/\/hostnetart.com.br\/baixada\/nota-de-falecimento-2\/"},"modified":"2018-02-06T16:25:23","modified_gmt":"2018-02-06T18:25:23","slug":"nota-de-falecimento-2","status":"publish","type":"post","link":"https:\/\/hostnetart.com.br\/baixada\/nota-de-falecimento-2\/","title":{"rendered":"NOTA DE FALECIMENTO"},"content":{"rendered":"<div class=\"content\">\n<p>O jornalista, advogado e ex-deputado federal Carlos Alberto Ca\u00f3 de Oliveira (PDT) morreu neste domingo (4\/2), aos 76 anos. Foi tamb\u00e9m secret\u00e1rio de Trabalho e Habita\u00e7\u00e3o no governo Leonel Brizola. Teve papel de relev\u00e2ncia na luta contra o racismo no Brasil.<\/p>\n<p>\u201cCa\u00f3 (foto) foi o autor da Lei 7.437\/1985, que mudou o texto da Lei Afonso Arinos, de 1951, tornando crime o preconceito de ra\u00e7a, cor, sexo e estado civil. Como homenagem, o texto ficou conhecido como Lei Ca\u00f3\u201d, lembra o secret\u00e1rio de Combate ao Racismo da Confedera\u00e7\u00e3o Nacional dos Trabalhadores do Ramo Financeiro (Contraf-CUT), Almir Aguiar. O sindicalista lembra ainda que o ativista, durante a constituinte de 1988, incluiu na Constitui\u00e7\u00e3o Federal o inciso do Artigo 5\u00ba, que tornou o racismo crime inafian\u00e7\u00e1vel. Criou tamb\u00e9m a Lei 7.716\/1989, determinado a pris\u00e3o para crime de preconceito e discrimina\u00e7\u00e3o racial.<\/p>\n<p>\u201cSem d\u00favida foi uma grande perda n\u00e3o s\u00f3 para o movimento negro, mas para todos os trabalhadores e defensores da soberania nacional e da emancipa\u00e7\u00e3o do povo brasileiro\u201d, concluiu Almir.<\/p>\n<\/div>\n<p id=\"page-author\"><strong>Fonte: Contraf-CUT<\/strong><\/p>\n","protected":false},"excerpt":{"rendered":"<p>O jornalista, advogado e ex-deputado federal Carlos Alberto Ca\u00f3 de Oliveira (PDT) morreu neste domingo (4\/2), aos 76 anos. Foi tamb\u00e9m secret\u00e1rio de Trabalho e Habita\u00e7\u00e3o no governo Leonel Brizola. Teve papel de relev\u00e2ncia na luta contra o racismo no Brasil. \u201cCa\u00f3 (foto) foi o autor da Lei 7.437\/1985, que mudou o texto da Lei [&hellip;]<\/p>\n","protected":false},"author":2,"featured_media":3774,"comment_status":"","ping_status":"","sticky":false,"template":"","format":"standard","meta":{"footnotes":""},"categories":[3],"tags":[],"class_list":["post-3775","post","type-post","status-publish","format-standard","has-post-thumbnail","hentry","category-noticias"],"_links":{"self":[{"href":"https:\/\/hostnetart.com.br\/baixada\/wp-json\/wp\/v2\/posts\/3775","targetHints":{"allow":["GET"]}}],"collection":[{"href":"https:\/\/hostnetart.com.br\/baixada\/wp-json\/wp\/v2\/posts"}],"about":[{"href":"https:\/\/hostnetart.com.br\/baixada\/wp-json\/wp\/v2\/types\/post"}],"author":[{"embeddable":true,"href":"https:\/\/hostnetart.com.br\/baixada\/wp-json\/wp\/v2\/users\/2"}],"replies":[{"embeddable":true,"href":"https:\/\/hostnetart.com.br\/baixada\/wp-json\/wp\/v2\/comments?post=3775"}],"version-history":[{"count":0,"href":"https:\/\/hostnetart.com.br\/baixada\/wp-json\/wp\/v2\/posts\/3775\/revisions"}],"wp:featuredmedia":[{"embeddable":true,"href":"https:\/\/hostnetart.com.br\/baixada\/wp-json\/wp\/v2\/media\/3774"}],"wp:attachment":[{"href":"https:\/\/hostnetart.com.br\/baixada\/wp-json\/wp\/v2\/media?parent=3775"}],"wp:term":[{"taxonomy":"category","embeddable":true,"href":"https:\/\/hostnetart.com.br\/baixada\/wp-json\/wp\/v2\/categories?post=3775"},{"taxonomy":"post_tag","embeddable":true,"href":"https:\/\/hostnetart.com.br\/baixada\/wp-json\/wp\/v2\/tags?post=3775"}],"curies":[{"name":"wp","href":"https:\/\/api.w.org\/{rel}","templated":true}]}}