{"id":3771,"date":"2018-02-06T16:23:16","date_gmt":"2018-02-06T18:23:16","guid":{"rendered":"https:\/\/hostnetart.com.br\/baixada\/trabalhadores-ja-sentem-os-danos-da-reforma-trabalhista\/"},"modified":"2018-02-06T16:23:16","modified_gmt":"2018-02-06T18:23:16","slug":"trabalhadores-ja-sentem-os-danos-da-reforma-trabalhista","status":"publish","type":"post","link":"https:\/\/hostnetart.com.br\/baixada\/trabalhadores-ja-sentem-os-danos-da-reforma-trabalhista\/","title":{"rendered":"Trabalhadores j\u00e1 sentem os danos da reforma trabalhista"},"content":{"rendered":"<div class=\"content\">\n<p>Como a chamada reforma trabalhista n\u00e3o exige mais a homologa\u00e7\u00e3o no sindicato dos trabalhadores, as empresas j\u00e1 est\u00e3o aproveitando as novas regras: faz a demiss\u00e3o e apresenta as contas rescis\u00f3rias de acordo com que acha que est\u00e1 certo. Ao trabalhador, sem ter como contestar os valores, cabe apenas assinar os documentos. Mas, os representantes dos trabalhadores alertam que as contas dos empres\u00e1rios apresentam muitos erros, como documentos incompletos, c\u00f3pias de documentos pertencentes a outro funcion\u00e1rio, lacunas no recolhimento do fundo de garantia, entre outros.<\/p>\n<p>No setor financeiro, o banco Ita\u00fa j\u00e1 anunciou que n\u00e3o mais far\u00e1 as homologa\u00e7\u00f5es nos sindicatos. Os trabalhadores e seus representantes j\u00e1 realizaram\u00a0<ins><strong><a href=\"http:\/\/www.contrafcut.org.br\/noticias\/itau-bancarios-de-todo-o-brasil-protestam-contra-implantacao-da-reforma-trabalhi-e079\" target=\"_blank\" rel=\"noopener noreferrer\">protestos contra a medida<\/a><\/strong><\/ins>\u00a0e querem que o banco reveja a decis\u00e3o. No dia 1\u00ba de fevereiro, ag\u00eancias e departamentos do Ita\u00fa sofreram paralisa\u00e7\u00f5es e o banco chegou a emitir comunicado aos gerentes informando que as\u00a0<ins><strong><a href=\"http:\/\/www.contrafcut.org.br\/noticias\/itau-protestos-afetam-centrais-de-atendimento-a487\" target=\"_blank\" rel=\"noopener noreferrer\">a\u00e7\u00f5es do movimento sindical interromperam os servi\u00e7os<\/a><\/strong><\/ins>\u00a0realizados pelas centrais de atendimento e uma mensagem eletr\u00f4nica informando sobre a indisponibilidade do servi\u00e7o foi acionada.<\/p>\n<p>Al\u00e9m do fim das homologa\u00e7\u00f5es nos sindicatos, a nova legisla\u00e7\u00e3o trabalhista j\u00e1 traz outros preju\u00edzos aos trabalhadores. O alerta \u00e9 de representante dos banc\u00e1rios e dos empregados na ind\u00fastria de alimenta\u00e7\u00e3o.<\/p>\n<p><strong>Outros preju\u00edzos da reforma<\/strong><br \/>Roberto von der Osten, presidente da Confedera\u00e7\u00e3o Nacional dos Trabalhadores do Ramo Financeiro (Contraf-CUT), alerta que, com base em dispositivos da nova legisla\u00e7\u00e3o trabalhista, os bancos j\u00e1 colocaram em pr\u00e1tica outras medidas que prejudicam os trabalhadores, como troca de horas extras por banco de horas almo\u00e7o de 30 minutos e foram divididas em tr\u00eas per\u00edodos. Um exemplo \u00e9\u00a0<ins><strong><a href=\"http:\/\/www.contrafcut.org.br\/noticias\/santander-e-alvo-de-protestos-em-todo-o-pais-c1c6\" target=\"_blank\" rel=\"noopener noreferrer\">banco Santander<\/a><\/strong><\/ins>, que tamb\u00e9m j\u00e1 foi alvo de protestos.<\/p>\n<p>\u201cOs banc\u00e1rios que queriam dividir suas f\u00e9rias em tr\u00eas vez num determinado ano, achavam que poderiam tirar as f\u00e9rias completas nos anos seguintes e n\u00f3s os alertamos que a decis\u00e3o n\u00e3o seria do trabalhador. Agora eles j\u00e1 est\u00e3o vendo isso acontecer\u201d, observou o presidente da Contraf-CUT.<\/p>\n<p>Os trabalhadores do setor de alimenta\u00e7\u00e3o tamb\u00e9m est\u00e3o descobrindo os efeitos negativos da reforma al\u00e9m da homologa\u00e7\u00e3o sem intermedia\u00e7\u00e3o do sindicato, como a imposi\u00e7\u00e3o de banco de horas ao inv\u00e9s de pagamento de horas-extras, jornada intermitente e jornadas alongadas em locais insalubres.<\/p>\n<p>*\u201cN\u00f3s lutamos muito para conquistar uma legisla\u00e7\u00e3o espec\u00edfica, a NR36, que impedisse a prorroga\u00e7\u00e3o de jornada em locais insalubres e, assim evit\u00e1ssemos o adoecimento no setor frigor\u00edfico, \u00e9 um dos campe\u00f5es em adoecimento. A gente sabe que a prorroga\u00e7\u00e3o da jornada acabava acontecendo, mas t\u00ednhamos um dispositivo que inibia essa pr\u00e1tica\u201d, lembrou Jos\u00e9 Modelski, presidente da Confedera\u00e7\u00e3o Brasileira Democr\u00e1tica dos Trabalhadores na Ind\u00fastria da Alimenta\u00e7\u00e3o (Contac-CUT).<\/p>\n<p><strong>Conven\u00e7\u00e3o Coletiva<\/strong><br \/>A Conven\u00e7\u00e3o Coletiva de Trabalho dos banc\u00e1rios vale at\u00e9 agosto e o da maioria dos trabalhadores em alimenta\u00e7\u00e3o at\u00e9 maio e junho. Os presidentes da Contraf-CUT e da Contac-CUT acham que as pr\u00f3ximas negocia\u00e7\u00f5es ser\u00e3o muito duras.<\/p>\n<p>\u201cVai ser talvez a campanha mais dif\u00edcil dos \u00faltimos anos. Vamos ter que revisar uma conven\u00e7\u00e3o toda lastreada em quest\u00f5es que est\u00e3o reformadas pela nova posi\u00e7\u00e3o que existe hoje em rela\u00e7\u00e3o ao direito do trabalho\u201d, avaliou von der Osten.<\/p>\n<p>Apesar das perdas com a reforma trabalhista, os trabalhadores acreditam que \u00e9 poss\u00edvel reverter os danos.<\/p>\n<p>Modelski acredita que o caminho \u00e9 a uni\u00e3o, forma\u00e7\u00e3o e a luta dos trabalhadores. \u201cVamos ter que preparar mais nossos dirigentes e mobilizar mais nossas bases para que a gente possa fazer esse enfrentamento\u201d, disse.<\/p>\n<p>Von der Osten ressalta a for\u00e7a da classe trabalhadora e dita a t\u00e1tica a ser seguida. \u201cN\u00f3s somos a maioria. Nas pr\u00f3ximas elei\u00e7\u00f5es temos que eleger candidatos comprometidos com a classe e colocar novamente estas quest\u00f5es em debate. A\u00ed sim, \u00e0 luz da racionalidade, avaliando qual \u00e9 qual artigo da CLT que tem que ser reformado, avaliarmos se \u00e9 realmente preciso tirar direitos dos trabalhadores, ou se o empregador \u00e9 quem deve aumentar sua parcela de contribui\u00e7\u00e3o\u201d.<\/p>\n<p>Veja a reportagem no Canal de V\u00eddeos da TVT sobre o tema.<\/p>\n<p>\u00a0<\/p>\n<\/div>\n<p id=\"page-author\"><span style=\"text-decoration: underline;\"><em><strong>Fonte: Contraf-CUT, com informa\u00e7\u00f5es da TVT<\/strong><\/em><\/span><\/p>\n","protected":false},"excerpt":{"rendered":"<p>Como a chamada reforma trabalhista n\u00e3o exige mais a homologa\u00e7\u00e3o no sindicato dos trabalhadores, as empresas j\u00e1 est\u00e3o aproveitando as novas regras: faz a demiss\u00e3o e apresenta as contas rescis\u00f3rias de acordo com que acha que est\u00e1 certo. Ao trabalhador, sem ter como contestar os valores, cabe apenas assinar os documentos. Mas, os representantes dos [&hellip;]<\/p>\n","protected":false},"author":2,"featured_media":3770,"comment_status":"","ping_status":"","sticky":false,"template":"","format":"standard","meta":{"footnotes":""},"categories":[3],"tags":[],"class_list":["post-3771","post","type-post","status-publish","format-standard","has-post-thumbnail","hentry","category-noticias"],"_links":{"self":[{"href":"https:\/\/hostnetart.com.br\/baixada\/wp-json\/wp\/v2\/posts\/3771","targetHints":{"allow":["GET"]}}],"collection":[{"href":"https:\/\/hostnetart.com.br\/baixada\/wp-json\/wp\/v2\/posts"}],"about":[{"href":"https:\/\/hostnetart.com.br\/baixada\/wp-json\/wp\/v2\/types\/post"}],"author":[{"embeddable":true,"href":"https:\/\/hostnetart.com.br\/baixada\/wp-json\/wp\/v2\/users\/2"}],"replies":[{"embeddable":true,"href":"https:\/\/hostnetart.com.br\/baixada\/wp-json\/wp\/v2\/comments?post=3771"}],"version-history":[{"count":0,"href":"https:\/\/hostnetart.com.br\/baixada\/wp-json\/wp\/v2\/posts\/3771\/revisions"}],"wp:featuredmedia":[{"embeddable":true,"href":"https:\/\/hostnetart.com.br\/baixada\/wp-json\/wp\/v2\/media\/3770"}],"wp:attachment":[{"href":"https:\/\/hostnetart.com.br\/baixada\/wp-json\/wp\/v2\/media?parent=3771"}],"wp:term":[{"taxonomy":"category","embeddable":true,"href":"https:\/\/hostnetart.com.br\/baixada\/wp-json\/wp\/v2\/categories?post=3771"},{"taxonomy":"post_tag","embeddable":true,"href":"https:\/\/hostnetart.com.br\/baixada\/wp-json\/wp\/v2\/tags?post=3771"}],"curies":[{"name":"wp","href":"https:\/\/api.w.org\/{rel}","templated":true}]}}