{"id":3767,"date":"2018-02-06T14:44:17","date_gmt":"2018-02-06T16:44:17","guid":{"rendered":"https:\/\/hostnetart.com.br\/baixada\/desfile-do-bloco-dos-bancarios-do-rj-e-nesta-sexta-feira\/"},"modified":"2018-02-06T14:44:17","modified_gmt":"2018-02-06T16:44:17","slug":"desfile-do-bloco-dos-bancarios-do-rj-e-nesta-sexta-feira","status":"publish","type":"post","link":"https:\/\/hostnetart.com.br\/baixada\/desfile-do-bloco-dos-bancarios-do-rj-e-nesta-sexta-feira\/","title":{"rendered":"Desfile do bloco dos banc\u00e1rios do RJ \u00e9 nesta sexta-feira"},"content":{"rendered":"<p>A Secretaria de Cultura, Esporte e Lazer do Sindicato dos Banc\u00e1rios da Baixada Fluminense convida todas e todos seus associados para o desfile do Bloco &#8220;Vestiu uma Camisinha Listrada e Saiu Por A\u00ed&#8221;, organizado pelo Sindicato dos Banc\u00e1rios do Rio de Janeiro,\u00a0 que acontecer\u00e1 no pr\u00f3ximo dia 9 de fevereiro, sexta-feira.\u00a0<\/p>\n<p>Ser\u00e1 seu vig\u00e9simo sexto ano de exist\u00eancia, e a agremia\u00e7\u00e3o abordar\u00e1 o tema \u201cPreven\u00e7\u00e3o\u201d. Distribuindo preservativos durante todo o percurso, a ideia \u00e9 conscientizar a popula\u00e7\u00e3o dos benef\u00edcios de se prevenir, evitando riscos prejudiciais \u00e0 sa\u00fade. Em parceria com a escola de samba G.R.E.S Unidos da Tijuca, tetracampe\u00e3 do carnaval carioca, a bateria nota dez da comunidade do Borel, nomeada de Pura Cad\u00eancia, vai ditar o ritmo e animar ainda mais os foli\u00f5es.\u00a0<\/p>\n<p><strong><em>Concentra\u00e7\u00e3o\u00a0 <\/em><\/strong><\/p>\n<p>A concentra\u00e7\u00e3o come\u00e7ar\u00e1 \u00e0s 17 horas, no Buraco do Lume, em frente \u00e0 Avenida Nilo Pe\u00e7anha, e ap\u00f3s duas horas, o desfile ter\u00e1 in\u00edcio, passando pela rua M\u00e9xico em dire\u00e7\u00e3o ao seu ponto final, que ser\u00e1 na Cinel\u00e2ndia. O desfile que tem m\u00e9dia anual cerca de duas mil pessoas, tem a expectativa de superar sua pr\u00f3pria marca. Aproximadamente 2.500 pessoas s\u00e3o aguardadas no bloco, para dar in\u00edcio oficialmente ao carnaval.<\/p>\n","protected":false},"excerpt":{"rendered":"<p>A Secretaria de Cultura, Esporte e Lazer do Sindicato dos Banc\u00e1rios da Baixada Fluminense convida todas e todos seus associados para o desfile do Bloco &#8220;Vestiu uma Camisinha Listrada e Saiu Por A\u00ed&#8221;, organizado pelo Sindicato dos Banc\u00e1rios do Rio de Janeiro,\u00a0 que acontecer\u00e1 no pr\u00f3ximo dia 9 de fevereiro, sexta-feira.\u00a0 Ser\u00e1 seu vig\u00e9simo sexto [&hellip;]<\/p>\n","protected":false},"author":2,"featured_media":3766,"comment_status":"","ping_status":"","sticky":false,"template":"","format":"standard","meta":{"footnotes":""},"categories":[3],"tags":[],"class_list":["post-3767","post","type-post","status-publish","format-standard","has-post-thumbnail","hentry","category-noticias"],"_links":{"self":[{"href":"https:\/\/hostnetart.com.br\/baixada\/wp-json\/wp\/v2\/posts\/3767","targetHints":{"allow":["GET"]}}],"collection":[{"href":"https:\/\/hostnetart.com.br\/baixada\/wp-json\/wp\/v2\/posts"}],"about":[{"href":"https:\/\/hostnetart.com.br\/baixada\/wp-json\/wp\/v2\/types\/post"}],"author":[{"embeddable":true,"href":"https:\/\/hostnetart.com.br\/baixada\/wp-json\/wp\/v2\/users\/2"}],"replies":[{"embeddable":true,"href":"https:\/\/hostnetart.com.br\/baixada\/wp-json\/wp\/v2\/comments?post=3767"}],"version-history":[{"count":0,"href":"https:\/\/hostnetart.com.br\/baixada\/wp-json\/wp\/v2\/posts\/3767\/revisions"}],"wp:featuredmedia":[{"embeddable":true,"href":"https:\/\/hostnetart.com.br\/baixada\/wp-json\/wp\/v2\/media\/3766"}],"wp:attachment":[{"href":"https:\/\/hostnetart.com.br\/baixada\/wp-json\/wp\/v2\/media?parent=3767"}],"wp:term":[{"taxonomy":"category","embeddable":true,"href":"https:\/\/hostnetart.com.br\/baixada\/wp-json\/wp\/v2\/categories?post=3767"},{"taxonomy":"post_tag","embeddable":true,"href":"https:\/\/hostnetart.com.br\/baixada\/wp-json\/wp\/v2\/tags?post=3767"}],"curies":[{"name":"wp","href":"https:\/\/api.w.org\/{rel}","templated":true}]}}