{"id":3761,"date":"2018-02-06T12:19:13","date_gmt":"2018-02-06T14:19:13","guid":{"rendered":"https:\/\/hostnetart.com.br\/baixada\/contraf-cut-repudia-regras-de-eleicao-da-funcef\/"},"modified":"2018-02-06T12:19:13","modified_gmt":"2018-02-06T14:19:13","slug":"contraf-cut-repudia-regras-de-eleicao-da-funcef","status":"publish","type":"post","link":"https:\/\/hostnetart.com.br\/baixada\/contraf-cut-repudia-regras-de-eleicao-da-funcef\/","title":{"rendered":"Contraf-CUT repudia regras de elei\u00e7\u00e3o da Funcef"},"content":{"rendered":"<div class=\"content\">\n<p>A Confedera\u00e7\u00e3o Nacional dos Trabalhadores do Ramo Financeiro (Contraf-CUT) repudia as regras e a forma definidas para o processo eleitoral do Funcef (o fundo de pens\u00e3o dos empregados da Caixa Econ\u00f4mica Federal).<\/p>\n<p>Os problemas j\u00e1 come\u00e7am na defini\u00e7\u00e3o da Comiss\u00e3o Eleitoral. Desde 2006, quando os empregados da Caixa participantes do fundo conquistaram o direito de votar para escolher os diretores da Funcef, o processo eleitoral era conduzido pelos participantes e a Comiss\u00e3o Eleitoral era formada por tr\u00eas representantes dos participantes, dos da Caixa e um da Funcef. Nesta elei\u00e7\u00e3o, os participantes perderam um membro na comiss\u00e3o, o que favorece a patrocinadora.<\/p>\n<p>Al\u00e9m disso, o pequeno prazo entre a publica\u00e7\u00e3o do edital, as inscri\u00e7\u00f5es de candidatos e o in\u00edcio da vota\u00e7\u00e3o prejudica a organiza\u00e7\u00e3o das chapas, a difus\u00e3o e o debates sobre as propostas e fere princ\u00edpios b\u00e1sicos da democracia.<\/p>\n<p>As regras preveem que, para que uma chapa possa concorrer ao pleito, tenha que, obrigatoriamente, ter 1.000 manifesta\u00e7\u00f5es pr\u00e9vias de apoio de participantes do fundo, e pro\u00edbe a manifesta\u00e7\u00e3o de apoio a mais de uma chapa, o que, na pr\u00e1tica, obriga o participante a votar antes do in\u00edcio da elei\u00e7\u00e3o.<\/p>\n<p>Por fim, ao definir a internet como \u00fanica plataforma de vota\u00e7\u00e3o, o processo eleitoral exclui os participantes que n\u00e3o t\u00eam acesso \u00e0 internet. Isso parece algo pouco importante nas regi\u00f5es Sul e Sudeste do pa\u00eds, mas o fato \u00e9 que existem diferentes condi\u00e7\u00f5es de conectividade e acesso a tecnologias por parte de ativos e aposentados nas diferentes regi\u00f5es do pa\u00eds, que n\u00e3o foram considera\u00e7\u00e3o na elabora\u00e7\u00e3o das regras do pleito e, por isso podem levar a que participantes percam o direito de voto.<\/p>\n<p>A Contraf-CUT defende elei\u00e7\u00f5es amplas, inclusivas e participativas, que privilegiem o debate e permitam aos participantes definirem o perfil da Funcef a partir das propostas em disputa.<\/p>\n<p>Confedera\u00e7\u00e3o Nacional dos Trabalhadores do Ramo Financeiro (Contraf-CUT)<\/p>\n<p><strong>Veja o\u00a0<a href=\"http:\/\/admin.contrafcut.com.br\/system\/uploads\/ck\/files\/Edital_Funcef_2018.pdf\" target=\"_blank\" rel=\"noopener noreferrer\"><ins>Edital de Divulga\u00e7\u00e3o das Elei\u00e7\u00f5es<\/ins><\/a>\u00a0da Funcef 2018<br \/>Veja o\u00a0<a href=\"http:\/\/admin.contrafcut.com.br\/system\/uploads\/ck\/files\/Regulamento_Processo_Eleitoral_FUNCEF2018.pdf\" target=\"_blank\" rel=\"noopener noreferrer\"><ins>Regulamento das Elei\u00e7\u00f5es<\/ins><\/a>\u00a0Funcef 2018<br \/>Baixe o<a href=\"http:\/\/admin.contrafcut.com.br\/system\/uploads\/ck\/files\/Requerimento_Inscricao_ChapaFuncef2018.pdf\" target=\"_blank\" rel=\"noopener noreferrer\"><ins>\u00a0requerimento para inscri\u00e7\u00e3o<\/ins><\/a>\u00a0de chapa<br \/>Baixe a\u00a0<a href=\"http:\/\/admin.contrafcut.com.br\/system\/uploads\/ck\/files\/Ficha_Qualificacao_DirigenteFuncef2018.pdf\" target=\"_blank\" rel=\"noopener noreferrer\"><ins>ficha de qualifica\u00e7\u00e3o de dirigente<\/ins><\/a><br \/>Baixe a\u00a0<a href=\"http:\/\/admin.contrafcut.com.br\/system\/uploads\/ck\/files\/Ficha_Qualificacao_ConselheiroFuncef2018.pdf\" target=\"_blank\" rel=\"noopener noreferrer\"><ins>ficha de qualifica\u00e7\u00e3o de conselheiro<\/ins><\/a><br \/>Baixe o modelo de\u00a0<a href=\"http:\/\/admin.contrafcut.com.br\/system\/uploads\/ck\/files\/curriculo_profissionalFuncef2018.pdf\" target=\"_blank\" rel=\"noopener noreferrer\"><ins>curr\u00edculo profissional<\/ins><\/a><\/strong><\/p>\n<\/div>\n<p id=\"page-author\"><span style=\"text-decoration: underline;\"><em><strong>Fonte: Contraf-CUT<\/strong><\/em><\/span><\/p>\n","protected":false},"excerpt":{"rendered":"<p>A Confedera\u00e7\u00e3o Nacional dos Trabalhadores do Ramo Financeiro (Contraf-CUT) repudia as regras e a forma definidas para o processo eleitoral do Funcef (o fundo de pens\u00e3o dos empregados da Caixa Econ\u00f4mica Federal). Os problemas j\u00e1 come\u00e7am na defini\u00e7\u00e3o da Comiss\u00e3o Eleitoral. Desde 2006, quando os empregados da Caixa participantes do fundo conquistaram o direito de [&hellip;]<\/p>\n","protected":false},"author":2,"featured_media":3760,"comment_status":"","ping_status":"","sticky":false,"template":"","format":"standard","meta":{"footnotes":""},"categories":[3],"tags":[],"class_list":["post-3761","post","type-post","status-publish","format-standard","has-post-thumbnail","hentry","category-noticias"],"_links":{"self":[{"href":"https:\/\/hostnetart.com.br\/baixada\/wp-json\/wp\/v2\/posts\/3761","targetHints":{"allow":["GET"]}}],"collection":[{"href":"https:\/\/hostnetart.com.br\/baixada\/wp-json\/wp\/v2\/posts"}],"about":[{"href":"https:\/\/hostnetart.com.br\/baixada\/wp-json\/wp\/v2\/types\/post"}],"author":[{"embeddable":true,"href":"https:\/\/hostnetart.com.br\/baixada\/wp-json\/wp\/v2\/users\/2"}],"replies":[{"embeddable":true,"href":"https:\/\/hostnetart.com.br\/baixada\/wp-json\/wp\/v2\/comments?post=3761"}],"version-history":[{"count":0,"href":"https:\/\/hostnetart.com.br\/baixada\/wp-json\/wp\/v2\/posts\/3761\/revisions"}],"wp:featuredmedia":[{"embeddable":true,"href":"https:\/\/hostnetart.com.br\/baixada\/wp-json\/wp\/v2\/media\/3760"}],"wp:attachment":[{"href":"https:\/\/hostnetart.com.br\/baixada\/wp-json\/wp\/v2\/media?parent=3761"}],"wp:term":[{"taxonomy":"category","embeddable":true,"href":"https:\/\/hostnetart.com.br\/baixada\/wp-json\/wp\/v2\/categories?post=3761"},{"taxonomy":"post_tag","embeddable":true,"href":"https:\/\/hostnetart.com.br\/baixada\/wp-json\/wp\/v2\/tags?post=3761"}],"curies":[{"name":"wp","href":"https:\/\/api.w.org\/{rel}","templated":true}]}}