{"id":3755,"date":"2018-02-05T11:22:06","date_gmt":"2018-02-05T13:22:06","guid":{"rendered":"https:\/\/hostnetart.com.br\/baixada\/contraf-cut-disponibiliza-informativo-sobre-a-reforma-da-previdencia\/"},"modified":"2018-02-05T11:22:06","modified_gmt":"2018-02-05T13:22:06","slug":"contraf-cut-disponibiliza-informativo-sobre-a-reforma-da-previdencia","status":"publish","type":"post","link":"https:\/\/hostnetart.com.br\/baixada\/contraf-cut-disponibiliza-informativo-sobre-a-reforma-da-previdencia\/","title":{"rendered":"Contraf-CUT disponibiliza informativo sobre a Reforma da Previd\u00eancia"},"content":{"rendered":"<div class=\"content\">\n<p>Com o objetivo de informar os trabalhadores sobre as principais propostas da Reforma da Previd\u00eancia (PEC 287-A), a Confedera\u00e7\u00e3o Nacional dos Trabalhadores do Ramo Financeiro (Contraf-CUT) disponibilizou, nesta sexta-feira (2), um material informativo sobre o tema.<\/p>\n<p>O conte\u00fado, al\u00e9m de tirar d\u00favidas, tamb\u00e9m alerta\u00a0sobre as consequ\u00eancias,\u00a0\u00a0caso a PEC 287-A\u00a0seja aprovada no Congresso Nacional.<\/p>\n<p>Clique <a href=\"http:\/\/admin.contrafcut.com.br\/system\/uploads\/ck\/files\/informativo%20reforma%20da%20previdencia.pdf\">aqui<\/a> e veja o Informativo sobre a Reforma da Previd\u00eancia.<\/p>\n<\/div>\n<p id=\"page-author\"><strong>Fonte: Contraf-CUT<\/strong><\/p>\n","protected":false},"excerpt":{"rendered":"<p>Com o objetivo de informar os trabalhadores sobre as principais propostas da Reforma da Previd\u00eancia (PEC 287-A), a Confedera\u00e7\u00e3o Nacional dos Trabalhadores do Ramo Financeiro (Contraf-CUT) disponibilizou, nesta sexta-feira (2), um material informativo sobre o tema. O conte\u00fado, al\u00e9m de tirar d\u00favidas, tamb\u00e9m alerta\u00a0sobre as consequ\u00eancias,\u00a0\u00a0caso a PEC 287-A\u00a0seja aprovada no Congresso Nacional. Clique aqui [&hellip;]<\/p>\n","protected":false},"author":2,"featured_media":3754,"comment_status":"","ping_status":"","sticky":false,"template":"","format":"standard","meta":{"footnotes":""},"categories":[3],"tags":[],"class_list":["post-3755","post","type-post","status-publish","format-standard","has-post-thumbnail","hentry","category-noticias"],"_links":{"self":[{"href":"https:\/\/hostnetart.com.br\/baixada\/wp-json\/wp\/v2\/posts\/3755","targetHints":{"allow":["GET"]}}],"collection":[{"href":"https:\/\/hostnetart.com.br\/baixada\/wp-json\/wp\/v2\/posts"}],"about":[{"href":"https:\/\/hostnetart.com.br\/baixada\/wp-json\/wp\/v2\/types\/post"}],"author":[{"embeddable":true,"href":"https:\/\/hostnetart.com.br\/baixada\/wp-json\/wp\/v2\/users\/2"}],"replies":[{"embeddable":true,"href":"https:\/\/hostnetart.com.br\/baixada\/wp-json\/wp\/v2\/comments?post=3755"}],"version-history":[{"count":0,"href":"https:\/\/hostnetart.com.br\/baixada\/wp-json\/wp\/v2\/posts\/3755\/revisions"}],"wp:featuredmedia":[{"embeddable":true,"href":"https:\/\/hostnetart.com.br\/baixada\/wp-json\/wp\/v2\/media\/3754"}],"wp:attachment":[{"href":"https:\/\/hostnetart.com.br\/baixada\/wp-json\/wp\/v2\/media?parent=3755"}],"wp:term":[{"taxonomy":"category","embeddable":true,"href":"https:\/\/hostnetart.com.br\/baixada\/wp-json\/wp\/v2\/categories?post=3755"},{"taxonomy":"post_tag","embeddable":true,"href":"https:\/\/hostnetart.com.br\/baixada\/wp-json\/wp\/v2\/tags?post=3755"}],"curies":[{"name":"wp","href":"https:\/\/api.w.org\/{rel}","templated":true}]}}