{"id":3741,"date":"2018-02-01T17:31:54","date_gmt":"2018-02-01T19:31:54","guid":{"rendered":"https:\/\/hostnetart.com.br\/baixada\/sindbaixada-inicia-processo-eleitoral-para-2018-com-assembleia-representativa\/"},"modified":"2018-02-01T17:31:54","modified_gmt":"2018-02-01T19:31:54","slug":"sindbaixada-inicia-processo-eleitoral-para-2018-com-assembleia-representativa","status":"publish","type":"post","link":"https:\/\/hostnetart.com.br\/baixada\/sindbaixada-inicia-processo-eleitoral-para-2018-com-assembleia-representativa\/","title":{"rendered":"SindBaixada inicia processo eleitoral para 2018 com assembleia representativa"},"content":{"rendered":"<p>Ontem, dia 31 de janeiro de 2018, ocorreu a Assembleia Ordin\u00e1ria para Elei\u00e7\u00e3o da Comiss\u00e3o Eleitoral.<\/p>\n<p>E, demonstrando apoio e legitimidade \u00e0 elei\u00e7\u00e3o, um n\u00famero maci\u00e7o de banc\u00e1rios compareceu \u00e0 sede do Sindicato dos Banc\u00e1rios da Baixada Fluminense, em Duque de Caxias.<\/p>\n<p>A comiss\u00e3o eleitoral eleita na assembl\u00e9ia est\u00e1 composta pelos associados Paulo Roberto Garcez, Diretor da Federa\u00e7\u00e3o dos Banc\u00e1rios, Elizabeth Paradela, Diretora da CUT e da Federa\u00e7\u00e3o dos Banc\u00e1rios e por Joseny Teixeira, Diretora da Federa\u00e7\u00e3o dos Banc\u00e1rios.<\/p>\n<p>A data das elei\u00e7\u00f5es ser\u00e1 divulgada oportunamente em edital, que ser\u00e1 publicado no dia 2\/2\/2018 pela Comiss\u00e3o Eleitoral.<\/p>\n<p>Posteriormente, o Sindicato informar\u00e1 os locais de vota\u00e7\u00e3o. As urnas ser\u00e3o itinerantes e circular\u00e3o por todas as ag\u00eancias de sua base.<\/p>\n<p>\u00a0<\/p>\n","protected":false},"excerpt":{"rendered":"<p>Ontem, dia 31 de janeiro de 2018, ocorreu a Assembleia Ordin\u00e1ria para Elei\u00e7\u00e3o da Comiss\u00e3o Eleitoral. E, demonstrando apoio e legitimidade \u00e0 elei\u00e7\u00e3o, um n\u00famero maci\u00e7o de banc\u00e1rios compareceu \u00e0 sede do Sindicato dos Banc\u00e1rios da Baixada Fluminense, em Duque de Caxias. A comiss\u00e3o eleitoral eleita na assembl\u00e9ia est\u00e1 composta pelos associados Paulo Roberto Garcez, [&hellip;]<\/p>\n","protected":false},"author":2,"featured_media":3740,"comment_status":"","ping_status":"","sticky":false,"template":"","format":"standard","meta":{"footnotes":""},"categories":[3],"tags":[],"class_list":["post-3741","post","type-post","status-publish","format-standard","has-post-thumbnail","hentry","category-noticias"],"_links":{"self":[{"href":"https:\/\/hostnetart.com.br\/baixada\/wp-json\/wp\/v2\/posts\/3741","targetHints":{"allow":["GET"]}}],"collection":[{"href":"https:\/\/hostnetart.com.br\/baixada\/wp-json\/wp\/v2\/posts"}],"about":[{"href":"https:\/\/hostnetart.com.br\/baixada\/wp-json\/wp\/v2\/types\/post"}],"author":[{"embeddable":true,"href":"https:\/\/hostnetart.com.br\/baixada\/wp-json\/wp\/v2\/users\/2"}],"replies":[{"embeddable":true,"href":"https:\/\/hostnetart.com.br\/baixada\/wp-json\/wp\/v2\/comments?post=3741"}],"version-history":[{"count":0,"href":"https:\/\/hostnetart.com.br\/baixada\/wp-json\/wp\/v2\/posts\/3741\/revisions"}],"wp:featuredmedia":[{"embeddable":true,"href":"https:\/\/hostnetart.com.br\/baixada\/wp-json\/wp\/v2\/media\/3740"}],"wp:attachment":[{"href":"https:\/\/hostnetart.com.br\/baixada\/wp-json\/wp\/v2\/media?parent=3741"}],"wp:term":[{"taxonomy":"category","embeddable":true,"href":"https:\/\/hostnetart.com.br\/baixada\/wp-json\/wp\/v2\/categories?post=3741"},{"taxonomy":"post_tag","embeddable":true,"href":"https:\/\/hostnetart.com.br\/baixada\/wp-json\/wp\/v2\/tags?post=3741"}],"curies":[{"name":"wp","href":"https:\/\/api.w.org\/{rel}","templated":true}]}}