{"id":3734,"date":"2018-02-01T14:26:05","date_gmt":"2018-02-01T16:26:05","guid":{"rendered":"https:\/\/hostnetart.com.br\/baixada\/bradesco-paga-plr-dia-9\/"},"modified":"2018-02-01T14:26:05","modified_gmt":"2018-02-01T16:26:05","slug":"bradesco-paga-plr-dia-9","status":"publish","type":"post","link":"https:\/\/hostnetart.com.br\/baixada\/bradesco-paga-plr-dia-9\/","title":{"rendered":"Bradesco paga PLR dia 9"},"content":{"rendered":"<div class=\"content\">\n<p>O Bradesco entrou em contato com a Confedera\u00e7\u00e3o Nacional dos Trabalhadores do Ramo Financeiro (Contraf-CUT) na noite desta quarta-feira (31\/1) para informar que atenderia o pedido de antecipa\u00e7\u00e3o do pagamento da Participa\u00e7\u00e3o nos Lucros e Resultados (PLR). O pagamento ser\u00e1 efetuado na sexta-feira (9\/2).<\/p>\n<p>No decorrer do dia, ap\u00f3s o an\u00fancio do balan\u00e7o de 2017 do banco, que tamb\u00e9m ser\u00e1 divulgado nesta quinta-feira, a Contraf-CUT informar\u00e1 os c\u00e1lculos que ser\u00e3o feitos pelo Departamento Intersindical de Estat\u00edstica e Estudos Socioecon\u00f4micos (Dieese) com os valores a serem recebidos pelos trabalhadores.<\/p>\n<\/div>\n<p id=\"page-author\"><strong>Fonte: Contraf-CUT<\/strong><\/p>\n","protected":false},"excerpt":{"rendered":"<p>O Bradesco entrou em contato com a Confedera\u00e7\u00e3o Nacional dos Trabalhadores do Ramo Financeiro (Contraf-CUT) na noite desta quarta-feira (31\/1) para informar que atenderia o pedido de antecipa\u00e7\u00e3o do pagamento da Participa\u00e7\u00e3o nos Lucros e Resultados (PLR). O pagamento ser\u00e1 efetuado na sexta-feira (9\/2). No decorrer do dia, ap\u00f3s o an\u00fancio do balan\u00e7o de 2017 [&hellip;]<\/p>\n","protected":false},"author":2,"featured_media":3733,"comment_status":"","ping_status":"","sticky":false,"template":"","format":"standard","meta":{"footnotes":""},"categories":[3],"tags":[],"class_list":["post-3734","post","type-post","status-publish","format-standard","has-post-thumbnail","hentry","category-noticias"],"_links":{"self":[{"href":"https:\/\/hostnetart.com.br\/baixada\/wp-json\/wp\/v2\/posts\/3734","targetHints":{"allow":["GET"]}}],"collection":[{"href":"https:\/\/hostnetart.com.br\/baixada\/wp-json\/wp\/v2\/posts"}],"about":[{"href":"https:\/\/hostnetart.com.br\/baixada\/wp-json\/wp\/v2\/types\/post"}],"author":[{"embeddable":true,"href":"https:\/\/hostnetart.com.br\/baixada\/wp-json\/wp\/v2\/users\/2"}],"replies":[{"embeddable":true,"href":"https:\/\/hostnetart.com.br\/baixada\/wp-json\/wp\/v2\/comments?post=3734"}],"version-history":[{"count":0,"href":"https:\/\/hostnetart.com.br\/baixada\/wp-json\/wp\/v2\/posts\/3734\/revisions"}],"wp:featuredmedia":[{"embeddable":true,"href":"https:\/\/hostnetart.com.br\/baixada\/wp-json\/wp\/v2\/media\/3733"}],"wp:attachment":[{"href":"https:\/\/hostnetart.com.br\/baixada\/wp-json\/wp\/v2\/media?parent=3734"}],"wp:term":[{"taxonomy":"category","embeddable":true,"href":"https:\/\/hostnetart.com.br\/baixada\/wp-json\/wp\/v2\/categories?post=3734"},{"taxonomy":"post_tag","embeddable":true,"href":"https:\/\/hostnetart.com.br\/baixada\/wp-json\/wp\/v2\/tags?post=3734"}],"curies":[{"name":"wp","href":"https:\/\/api.w.org\/{rel}","templated":true}]}}