{"id":3730,"date":"2018-01-31T15:40:57","date_gmt":"2018-01-31T17:40:57","guid":{"rendered":"https:\/\/hostnetart.com.br\/baixada\/mercado-fechou-vagas-em-2017-e-pagou-menos-aos-contratados\/"},"modified":"2018-01-31T15:40:57","modified_gmt":"2018-01-31T17:40:57","slug":"mercado-fechou-vagas-em-2017-e-pagou-menos-aos-contratados","status":"publish","type":"post","link":"https:\/\/hostnetart.com.br\/baixada\/mercado-fechou-vagas-em-2017-e-pagou-menos-aos-contratados\/","title":{"rendered":"Mercado fechou vagas em 2017 e pagou menos aos contratados"},"content":{"rendered":"<p>O pa\u00eds fechou 2017 com menos 20.832 postos formais de trabalho, redu\u00e7\u00e3o de -0,05% no estoque, segundo dados do Cadastro Geral de Empregados e Desempregados (Caged), divulgado hoje (26) pelo Minist\u00e9rio do Trabalho. Embora em ritmo menor, \u00e9 o terceiro ano negativo. Ind\u00fastria, constru\u00e7\u00e3o civil e administra\u00e7\u00e3o p\u00fablica fecharam empregos com carteira, enquanto com\u00e9rcio, servi\u00e7os e agropecu\u00e1ria tiveram crescimento. O estoque de empregos com carteira \u00e9 agora de 38,3 milh\u00f5es.<\/p>\n<p>O corte atingiu, principalmente, mulheres e pessoas de menor escolaridade. De acordo com o Caged, entre os demitidos est\u00e3o quase 189 mil trabalhadores com fundamental incompleto e 140 mil completo, enquanto o n\u00famero de empregados com ensino m\u00e9dio aumentou em 303 mil. O mercado de trabalho tem 21.694 homens a mais e 42.526 mulheres a menos.\u00a0<\/p>\n<p>Como tem acontecido h\u00e1 algum tempo, o sal\u00e1rio dos contratados \u00e9 menor do que a remunera\u00e7\u00e3o dos demitidos. Em dezembro, o sal\u00e1rio m\u00e9dio de admiss\u00e3o, conforme o Caged, foi de R$ 1.476,35, ante R$ 1.701,51 recebido pelos trabalhadores dispensados.\u00a0<\/p>\n<p>As fun\u00e7\u00f5es que tiveram mais contrata\u00e7\u00e3o em 2017 foram de alimentador de linha de produ\u00e7\u00e3o, faxineiro, atendente de loja, embalador \u00e0 m\u00e3o e auxiliar de escrit\u00f3rio. E as que mais tiveram corte foram pedreiro, supervisor e gerente administrativo, vigilante e gerente de loja\/supermercado.<\/p>\n<p>O setor que mais eliminou vagas foi a constru\u00e7\u00e3o civil: 103.968 (-4,63%). A ind\u00fastria de transforma\u00e7\u00e3o fechou 19.900 (-0,27%), enquanto a administra\u00e7\u00e3o p\u00fablica, praticamente est\u00e1vel, perdeu 575 (-0,07%). O com\u00e9rcio abriu 40.087 (0,44%) e os servi\u00e7os, 36.945 (0,22%). A maior alta foi da agropecu\u00e1ria, com 37.004 (2,41%).<\/p>\n<p>Apenas no \u00faltimo m\u00eas do ano, como historicamente ocorre, houve redu\u00e7\u00e3o do n\u00famero de empregos: foram fechados 328.539 postos de trabalho (-0,85%). S\u00f3 houve pequeno aumento no com\u00e9rcio, com 6.285 (0,07%). A ind\u00fastria cortou 110.255 (-1,50%) e os servi\u00e7os, 107.535 (-0,64%). Percentualmente, as maiores quedas foram apuradas na agropecu\u00e1ria (-2,76%, com menos 44.339 trabalhadores formais) e na constru\u00e7\u00e3o (-2,39%, menos 52.157).<\/p>\n<p><strong>FONTE: Rede Brasil Atual<\/strong><\/p>\n","protected":false},"excerpt":{"rendered":"<p>O pa\u00eds fechou 2017 com menos 20.832 postos formais de trabalho, redu\u00e7\u00e3o de -0,05% no estoque, segundo dados do Cadastro Geral de Empregados e Desempregados (Caged), divulgado hoje (26) pelo Minist\u00e9rio do Trabalho. Embora em ritmo menor, \u00e9 o terceiro ano negativo. Ind\u00fastria, constru\u00e7\u00e3o civil e administra\u00e7\u00e3o p\u00fablica fecharam empregos com carteira, enquanto com\u00e9rcio, servi\u00e7os [&hellip;]<\/p>\n","protected":false},"author":2,"featured_media":3729,"comment_status":"","ping_status":"","sticky":false,"template":"","format":"standard","meta":{"footnotes":""},"categories":[3],"tags":[],"class_list":["post-3730","post","type-post","status-publish","format-standard","has-post-thumbnail","hentry","category-noticias"],"_links":{"self":[{"href":"https:\/\/hostnetart.com.br\/baixada\/wp-json\/wp\/v2\/posts\/3730","targetHints":{"allow":["GET"]}}],"collection":[{"href":"https:\/\/hostnetart.com.br\/baixada\/wp-json\/wp\/v2\/posts"}],"about":[{"href":"https:\/\/hostnetart.com.br\/baixada\/wp-json\/wp\/v2\/types\/post"}],"author":[{"embeddable":true,"href":"https:\/\/hostnetart.com.br\/baixada\/wp-json\/wp\/v2\/users\/2"}],"replies":[{"embeddable":true,"href":"https:\/\/hostnetart.com.br\/baixada\/wp-json\/wp\/v2\/comments?post=3730"}],"version-history":[{"count":0,"href":"https:\/\/hostnetart.com.br\/baixada\/wp-json\/wp\/v2\/posts\/3730\/revisions"}],"wp:featuredmedia":[{"embeddable":true,"href":"https:\/\/hostnetart.com.br\/baixada\/wp-json\/wp\/v2\/media\/3729"}],"wp:attachment":[{"href":"https:\/\/hostnetart.com.br\/baixada\/wp-json\/wp\/v2\/media?parent=3730"}],"wp:term":[{"taxonomy":"category","embeddable":true,"href":"https:\/\/hostnetart.com.br\/baixada\/wp-json\/wp\/v2\/categories?post=3730"},{"taxonomy":"post_tag","embeddable":true,"href":"https:\/\/hostnetart.com.br\/baixada\/wp-json\/wp\/v2\/tags?post=3730"}],"curies":[{"name":"wp","href":"https:\/\/api.w.org\/{rel}","templated":true}]}}