{"id":3724,"date":"2018-01-31T12:32:27","date_gmt":"2018-01-31T14:32:27","guid":{"rendered":"https:\/\/hostnetart.com.br\/baixada\/temer-muda-plano-de-saude-e-pode-deixar-sem-cobertura-milhares-de-trabalhadores\/"},"modified":"2018-01-31T12:32:27","modified_gmt":"2018-01-31T14:32:27","slug":"temer-muda-plano-de-saude-e-pode-deixar-sem-cobertura-milhares-de-trabalhadores","status":"publish","type":"post","link":"https:\/\/hostnetart.com.br\/baixada\/temer-muda-plano-de-saude-e-pode-deixar-sem-cobertura-milhares-de-trabalhadores\/","title":{"rendered":"Temer muda plano de sa\u00fade e pode deixar sem cobertura milhares de trabalhadores"},"content":{"rendered":"<p><span style=\"text-decoration: underline;\"><em>Empregados do servi\u00e7os e de empresas p\u00fablicas bancar\u00e3o pelo menos metade da assist\u00eancia, pais e m\u00e3es ser\u00e3o exclu\u00eddos. Novos concursados ter\u00e3o de recorrer a planos privados<\/em><\/span><\/p>\n<p>O governo Temer alterou regras do sistema de sa\u00fade dos servidores p\u00fablicos federais em todo o pais, atrav\u00e9s de uma portaria publicada na \u00faltima sexta-feira (26) no Di\u00e1rio Oficial da Uni\u00e3o. Com a desculpa de cortar gastos, o trabalhador vai bancar pelo menos metade do valor do plano de sa\u00fade e milhares poder\u00e3o ficar sem cobertura.<\/p>\n<p>A portaria determina que os novos servidores p\u00fablicos concursados n\u00e3o tenham mais direito ao plano de sa\u00fade e aqueles est\u00e3o na ativa, ter\u00e3o que se adaptar \u00e0s novas regras em um per\u00edodo m\u00e1ximo de quatro anos.<\/p>\n<p>Entre os dependentes dos servidores, s\u00f3 poder\u00e3o permanecer no plano os filhos e companheiros conjugais. Os pais ter\u00e3o que ser definitivamente exclu\u00eddos. A principal altera\u00e7\u00e3o, entretanto, mexe no bolso. O governo que arcava com cerca de 75% dos gastos com sa\u00fade, pagar\u00e1 no m\u00e1ximo 50%.<\/p>\n<p>&#8220;Fica s\u00f3 a modalidade de reembolso, inclusive essa portaria pro\u00edbe entrar no acordo coletivo de trabalho a negocia\u00e7\u00e3o do plano de sa\u00fade. Portanto, n\u00f3s estamos vivendo um estado de terror, a cada dia \u00e9 um novo golpe, \u00e9 mais sacrif\u00edcio n\u00e3o apenas para o servidor p\u00fablico, mas para o povo brasileiro como um todo&#8221; afirma o diretor do Sindicato dos Servidores Municipais de S\u00e3o Paulo (Sindsep) Oton Pereira Alves, em entrevista ao rep\u00f3rter U\u00e9lson Kalinovski, da TVT.<\/p>\n<p>As normas passam a valer para todas as 147 empresas p\u00fablicas do pa\u00eds, incluindo bancos, minist\u00e9rios e autarquias. De acordo com o Sindicato dos Banc\u00e1rios de S\u00e3o Paulo, Osasco e Regi\u00e3o, com as resolu\u00e7\u00f5es, baixadas pela Comiss\u00e3o Interministerial de Governan\u00e7a Corporativa e de Administra\u00e7\u00e3o de Participa\u00e7\u00f5es Societ\u00e1rias da Uni\u00e3o (CGPAR), o governo agrava a conduta das dire\u00e7\u00f5es de bancos como a Caixa Econ\u00f4mica Federal e o Banco do Brasil, que j\u00e1 vinham tentando impor dificuldades aos funcion\u00e1rios por meio de medidas internas e sem negocia\u00e7\u00f5es com seus representantes.<\/p>\n<p>\u201cEsse \u00e9 mais um ataque do governo Temer aos direitos dos trabalhadores sob o pretexto da melhoria da governan\u00e7a das empresas p\u00fablicas\u201d, diz o diretor do sindicato Dion\u00edsio Reis, coordenador da Comiss\u00e3o Executiva dos Empregados da Caixa (CEE\/Caixa), institui\u00e7\u00e3o que hoje arca com 70% do custeio do plano de assist\u00eancia.<\/p>\n<p>Os trabalhadores dos Correios e da Infraero ser\u00e3o fortemente atingidos, pois atualmente contam com at\u00e9 95% de gastos com a sa\u00fade garantidos pelo governo. Com os cortes, a principal preocupa\u00e7\u00e3o \u00e9 com carteiros, cujo sal\u00e1rio final l\u00edquido \u00e9 de cerca de R$ 1.600, j\u00e1 descontados os gastos com a sa\u00fade. Pelo novo sistema, eles ter\u00e3o de pagar por cada ente da fam\u00edlia que for inclu\u00eddo e o valor final pode ultrapassar o pr\u00f3prio sal\u00e1rio. &#8220;Teremos que retirar parentes [do plano]. Se quisermos continuar o sal\u00e1rio n\u00e3o vai ser suficiente pra pagar pelo n\u00famero de dependentes. E olha que a fam\u00edlia m\u00e9dia da categoria \u00e9 de quatro pessoas&#8221;, afirma Emerson Marinho, diretor da Federa\u00e7\u00e3o Nacional dos Trabalhadores em Empresas de Correios e Tel\u00e9grafos e Similares (Fentect).<\/p>\n<p>\u201cMuitas vezes em campanha salarial n\u00f3s abrimos m\u00e3o de aumentos salariais para manter o plano de sa\u00fade para dar um conforto aos nossos familiares&#8221;, completa.<\/p>\n<p>Os sindicatos dos servidores j\u00e1 est\u00e3o mobilizados para recorrer na Justi\u00e7a. \u201cN\u00f3s estamos em contato com nossos advogados para que n\u00f3s possamos montar uma tese pra derrubar essa resolu\u00e7\u00e3o que vem do Minist\u00e9rio do Planejamento&#8221;, acrescenta a Fentect. &#8220;<\/p>\n<p>&#8220;Vamos analisar a possibilidade de uma a\u00e7\u00e3o para suspender mais esse ataque aos funcion\u00e1rios p\u00fablicos&#8221;, declara o Sindsep.<\/p>\n<p><strong>FONTE: Rede Brasil Atual<\/strong><\/p>\n","protected":false},"excerpt":{"rendered":"<p>Empregados do servi\u00e7os e de empresas p\u00fablicas bancar\u00e3o pelo menos metade da assist\u00eancia, pais e m\u00e3es ser\u00e3o exclu\u00eddos. Novos concursados ter\u00e3o de recorrer a planos privados O governo Temer alterou regras do sistema de sa\u00fade dos servidores p\u00fablicos federais em todo o pais, atrav\u00e9s de uma portaria publicada na \u00faltima sexta-feira (26) no Di\u00e1rio Oficial [&hellip;]<\/p>\n","protected":false},"author":2,"featured_media":3723,"comment_status":"","ping_status":"","sticky":false,"template":"","format":"standard","meta":{"footnotes":""},"categories":[3],"tags":[],"class_list":["post-3724","post","type-post","status-publish","format-standard","has-post-thumbnail","hentry","category-noticias"],"_links":{"self":[{"href":"https:\/\/hostnetart.com.br\/baixada\/wp-json\/wp\/v2\/posts\/3724","targetHints":{"allow":["GET"]}}],"collection":[{"href":"https:\/\/hostnetart.com.br\/baixada\/wp-json\/wp\/v2\/posts"}],"about":[{"href":"https:\/\/hostnetart.com.br\/baixada\/wp-json\/wp\/v2\/types\/post"}],"author":[{"embeddable":true,"href":"https:\/\/hostnetart.com.br\/baixada\/wp-json\/wp\/v2\/users\/2"}],"replies":[{"embeddable":true,"href":"https:\/\/hostnetart.com.br\/baixada\/wp-json\/wp\/v2\/comments?post=3724"}],"version-history":[{"count":0,"href":"https:\/\/hostnetart.com.br\/baixada\/wp-json\/wp\/v2\/posts\/3724\/revisions"}],"wp:featuredmedia":[{"embeddable":true,"href":"https:\/\/hostnetart.com.br\/baixada\/wp-json\/wp\/v2\/media\/3723"}],"wp:attachment":[{"href":"https:\/\/hostnetart.com.br\/baixada\/wp-json\/wp\/v2\/media?parent=3724"}],"wp:term":[{"taxonomy":"category","embeddable":true,"href":"https:\/\/hostnetart.com.br\/baixada\/wp-json\/wp\/v2\/categories?post=3724"},{"taxonomy":"post_tag","embeddable":true,"href":"https:\/\/hostnetart.com.br\/baixada\/wp-json\/wp\/v2\/tags?post=3724"}],"curies":[{"name":"wp","href":"https:\/\/api.w.org\/{rel}","templated":true}]}}