{"id":3720,"date":"2018-01-31T12:24:13","date_gmt":"2018-01-31T14:24:13","guid":{"rendered":"https:\/\/hostnetart.com.br\/baixada\/santander-e-alvo-de-protestos-em-todo-o-pais\/"},"modified":"2018-01-31T12:24:13","modified_gmt":"2018-01-31T14:24:13","slug":"santander-e-alvo-de-protestos-em-todo-o-pais","status":"publish","type":"post","link":"https:\/\/hostnetart.com.br\/baixada\/santander-e-alvo-de-protestos-em-todo-o-pais\/","title":{"rendered":"Santander \u00e9 alvo de protestos em todo o pa\u00eds"},"content":{"rendered":"<div class=\"content\">\n<p>O banco Santander \u00e9 alvo, mais uma vez, de protestos realizados por banc\u00e1rios em todo o pa\u00eds ap\u00f3s ter implementado medidas que prejudicam os trabalhadores, sem sequer consultar os funcion\u00e1rios ou seus representantes sindicais. No dia 20 de dezembro o banco j\u00e1 havia sido alvo de protestos.<\/p>\n<p>\u201cDepois dos protestos do dia 20, enviamos um of\u00edcio ao banco solicitando negocia\u00e7\u00f5es, mas sequer obtivemos resposta. Por isso, estamos novamente nas ruas protestando contra as medidas arbitr\u00e1rias que retiram direitos da categoria e contra o desrespeito do banco pelos trabalhadores\u201d, disse Maria Rosani, coordenadora da Comiss\u00e3o de Organiza\u00e7\u00e3o dos Empregados (COE) do Santander.<\/p>\n<p>O banco implantou um sistema para for\u00e7ar a assinatura em um Acordo Individual de Banco de Horas Semestral. \u201cEssa medida \u00e9 inconstitucional e, al\u00e9m disso, mostra o total desrespeito do banco espanhol para com os trabalhadores e seus representantes sindicais\u201d, afirmou Mario Raia, secret\u00e1rio de Rela\u00e7\u00f5es Internacionais da Confedera\u00e7\u00e3o Nacional dos Trabalhadores do Ramo Financeiro (Contraf-CUT) e funcion\u00e1rio do banco espanhol.<\/p>\n<p>Antes dos protestos, os trabalhadores j\u00e1 haviam se reunido com o banco para questionar a arbitrariedade do banco e solicitarem a suspens\u00e3o do sistema at\u00e9 que houvesse negocia\u00e7\u00e3o sobre a implanta\u00e7\u00e3o da medida. O banco manteve a intransig\u00eancia e disse que n\u00e3o haveria negocia\u00e7\u00f5es.<\/p>\n<p><strong>Outras arbitrariedades<\/strong><br \/>Tamb\u00e9m sem nenhuma negocia\u00e7\u00e3o, o banco informou a altera\u00e7\u00e3o do dia de pagamento dos sal\u00e1rios, do dia 20 para o dia 30, e os meses de pagamento do 13\u00ba sal\u00e1rio, antes mar\u00e7o e novembro, agora passam a ser maio e dezembro. \u201cO desrespeito aos trabalhadores e \u00e0 sua organiza\u00e7\u00e3o \u00e9 uma pr\u00e1tica antissincial que o banco tenta aplicar repetidamente\u201d, disse Mario Raia.<\/p>\n<p>Os trabalhadores tamb\u00e9m sofrem com os aumentos abusivos do plano de sa\u00fade, que tem causado dificuldades para muitos deles bancarem os custos. Outro problema constante no banco \u00e9 o grande n\u00famero de demiss\u00f5es. Nos \u00faltimos dias, o banco dispensou 200 funcion\u00e1rios. \u201cN\u00e3o bastasse tudo isso, o banco j\u00e1 informou que vai aplicar o parcelamento das f\u00e9rias. Que ningu\u00e9m se iluda que esse parcelamento ser\u00e1 negociado. Como podemos ver, negocia\u00e7\u00e3o n\u00e3o \u00e9 uma caracter\u00edstica do banco\u201d, completou o dirigente sindical da Contraf-CUT.<\/p>\n<p><strong>Hora de mobilizar<\/strong><br \/>A Conven\u00e7\u00e3o Coletiva de Trabalho (CCT) dos banc\u00e1rios tem vig\u00eancia at\u00e9 31 de agosto de 2018. No Santander h\u00e1 tamb\u00e9m um Acordo Aditivo. \u201cSe n\u00e3o reagirmos a esse ataque agora, assim que terminar a vig\u00eancia do acordo e da CCT, podem ter certeza de que o banco espanhol vai cortar todos os direitos dos trabalhadores que a nova lei trabalhista lhe permite. Ou cruzamos os bra\u00e7os agora ou vai piorar depois\u201d, disse Maria Rosani, coordenadora da Comiss\u00e3o de Organiza\u00e7\u00e3o dos Empregados (COE) do Santander.<\/p>\n<p>Para Rita Berlofa, presidenta da UNI Finan\u00e7as Mundial, tamb\u00e9m funcion\u00e1ria do banco espanhol o que est\u00e1 acontecendo no Santander pode acontecer tamb\u00e9m com os demais bancos e tamb\u00e9m nos outros setores. \u201cTodos os trabalhadores precisam estar alertas e apoiar este protesto. Hoje \u00e9 o banco espanhol que desrespeita e corta os direitos dos brasileiros, mas essa reforma foi feita por encomenda dos empres\u00e1rios. Eles v\u00e3o querer colocar em pr\u00e1tica todo o massacre que ela prev\u00ea. Ou a classe trabalhadora se levanta e luta unida desde j\u00e1, ou quando pensar em fazer isso pode ser muito tarde\u201d, disse a dirigente.<\/p>\n<p><strong>Leia tamb\u00e9m:<\/strong><br \/>\u00a0 \u00a0 \u00a0<strong>&gt;<\/strong>\u00a0<ins><strong><a href=\"http:\/\/www.contrafcut.org.br\/noticias\/bancarios-demonstram-forca-e-disposicao-para-lutar-contra-retirada-de-direitos-f614\" target=\"_blank\" rel=\"noopener noreferrer\">Banc\u00e1rios demonstram for\u00e7a e disposi\u00e7\u00e3o para lutar contra retirada de direitos<\/a><\/strong><\/ins><br \/><strong>\u00a0 \u00a0 \u00a0&gt;\u00a0<a href=\"http:\/\/www.contrafcut.org.br\/busca?q=Santander\" target=\"_blank\" rel=\"noopener noreferrer\"><ins>Leia outras not\u00edcias sobre o Santander<\/ins><\/a><\/strong><\/p>\n<\/div>\n<p id=\"page-author\">Fonte: Contraf-CUT<\/p>\n","protected":false},"excerpt":{"rendered":"<p>O banco Santander \u00e9 alvo, mais uma vez, de protestos realizados por banc\u00e1rios em todo o pa\u00eds ap\u00f3s ter implementado medidas que prejudicam os trabalhadores, sem sequer consultar os funcion\u00e1rios ou seus representantes sindicais. No dia 20 de dezembro o banco j\u00e1 havia sido alvo de protestos. \u201cDepois dos protestos do dia 20, enviamos um [&hellip;]<\/p>\n","protected":false},"author":2,"featured_media":3719,"comment_status":"","ping_status":"","sticky":false,"template":"","format":"standard","meta":{"footnotes":""},"categories":[3],"tags":[],"class_list":["post-3720","post","type-post","status-publish","format-standard","has-post-thumbnail","hentry","category-noticias"],"_links":{"self":[{"href":"https:\/\/hostnetart.com.br\/baixada\/wp-json\/wp\/v2\/posts\/3720","targetHints":{"allow":["GET"]}}],"collection":[{"href":"https:\/\/hostnetart.com.br\/baixada\/wp-json\/wp\/v2\/posts"}],"about":[{"href":"https:\/\/hostnetart.com.br\/baixada\/wp-json\/wp\/v2\/types\/post"}],"author":[{"embeddable":true,"href":"https:\/\/hostnetart.com.br\/baixada\/wp-json\/wp\/v2\/users\/2"}],"replies":[{"embeddable":true,"href":"https:\/\/hostnetart.com.br\/baixada\/wp-json\/wp\/v2\/comments?post=3720"}],"version-history":[{"count":0,"href":"https:\/\/hostnetart.com.br\/baixada\/wp-json\/wp\/v2\/posts\/3720\/revisions"}],"wp:featuredmedia":[{"embeddable":true,"href":"https:\/\/hostnetart.com.br\/baixada\/wp-json\/wp\/v2\/media\/3719"}],"wp:attachment":[{"href":"https:\/\/hostnetart.com.br\/baixada\/wp-json\/wp\/v2\/media?parent=3720"}],"wp:term":[{"taxonomy":"category","embeddable":true,"href":"https:\/\/hostnetart.com.br\/baixada\/wp-json\/wp\/v2\/categories?post=3720"},{"taxonomy":"post_tag","embeddable":true,"href":"https:\/\/hostnetart.com.br\/baixada\/wp-json\/wp\/v2\/tags?post=3720"}],"curies":[{"name":"wp","href":"https:\/\/api.w.org\/{rel}","templated":true}]}}