{"id":3718,"date":"2018-01-30T12:28:21","date_gmt":"2018-01-30T14:28:21","guid":{"rendered":"https:\/\/hostnetart.com.br\/baixada\/o-apetite-insaciavel-de-sergio-rial-presidente-do-santander\/"},"modified":"2018-01-30T12:28:21","modified_gmt":"2018-01-30T14:28:21","slug":"o-apetite-insaciavel-de-sergio-rial-presidente-do-santander","status":"publish","type":"post","link":"https:\/\/hostnetart.com.br\/baixada\/o-apetite-insaciavel-de-sergio-rial-presidente-do-santander\/","title":{"rendered":"O apetite insaci\u00e1vel de S\u00e9rgio Rial, presidente do Santander"},"content":{"rendered":"<div class=\"content\">\n<p>Mais uma vez, o presidente do Santander Brasil, S\u00e9rgio Rial, revela o interesse dos bancos privados na redu\u00e7\u00e3o da fun\u00e7\u00e3o\u00a0do Estado na economia a fim de aumentarem ainda mais seus lucros. Fun\u00e7\u00e3o essa que nunca interessou a essas institui\u00e7\u00f5es, porque sempre preferiram lucrar aplicando em pap\u00e9is da d\u00edvida p\u00fablica, atrelada \u00e0 taxa Selic, que estava em 14,25% ao ano, e agora se encontra a 7%.<\/p>\n<p>Em entrevista ao jornal\u00a0<em>Estado de S. Paulo<\/em>, o CEO cobrou uma atua\u00e7\u00e3o ainda menor do Banco Nacional de Desenvolvimento Econ\u00f4mico e Social (BNDES) para que os bancos privados enfrentem ainda menos concorr\u00eancia no j\u00e1 concentrado \u2013 e por essa raz\u00e3o, com juros estratosf\u00e9ricos \u2013 setor banc\u00e1rio brasileiro.<\/p>\n<p><strong>&gt;\u00a0<ins><a href=\"http:\/\/spbancarios.com.br\/01\/2018\/governo-temer-dilapida-bndes-o-que-favorece-bancos-privados\" target=\"_blank\" rel=\"noopener noreferrer\">Governo Temer dilapida BNDES, o que favorece bancos privados<\/a><\/ins><br \/>&gt;\u00a0<ins><a href=\"http:\/\/spbancarios.com.br\/09\/2017\/governo-temer-e-congresso-nacional-intensificam-destruicao-do-bndes\" target=\"_blank\" rel=\"noopener noreferrer\">Governo Temer e Congresso Nacional intensificam destrui\u00e7\u00e3o do BNDES<\/a><\/ins><\/strong><\/p>\n<p>\u201cespero (&#8230;) que o \u201cS\u201d [social] seja muito maior do que o \u201cE\u201d [econ\u00f4mico] nos pr\u00f3ximos dois anos. (&#8230;) Dando um exemplo concreto, pa\u00eds desenvolvido n\u00e3o \u00e9 o que tem aeroporto novo, \u00e9 o que tem aeroporto novo e saneamento b\u00e1sico resolvido (&#8230;). Esse \u00e9 um exemplo concreto do \u201cS\u201d em que as empresas poderiam ter todo o interesse, numa \u00e1rea como o saneamento.\u201d<\/p>\n<p>Cabem as perguntas: por que esse interesse repentino do Santander em financiar obras sociais? E por que esses bancos nunca investiram nessas obras?<\/p>\n<p>O pr\u00f3prio Rial responde: \u201cA Selic a 7% ao ano posiciona os bancos de forma muito melhor para serem parte da solu\u00e7\u00e3o, e n\u00e3o, como at\u00e9 aqui, para estarem ausentes da solu\u00e7\u00e3o. Porque \u00e9 imposs\u00edvel voc\u00ea viabilizar qualquer projeto quando a Selic est\u00e1 em 14%. A conta n\u00e3o fecha. (&#8230;) Veja o cr\u00e9dito rural. O que acontecia com ele com a Selic a 14% ao ano? Ele era subsidiado a 9% ou 10%. Com a Selic a 7%, isso deixa de fazer sentido. E os bancos privados podem agora fazer parte do processo de financiamento da agricultura, no qual at\u00e9 ent\u00e3o era imposs\u00edvel competir.\u201d<\/p>\n<p><strong>&gt;\u00a0<ins><a href=\"http:\/\/spbancarios.com.br\/09\/2017\/reforma-silenciosa-aumenta-o-poder-dos-bancos-privados\" target=\"_blank\" rel=\"noopener noreferrer\">Reforma silenciosa aumenta o poder dos bancos privados<\/a><\/ins><\/strong><\/p>\n<p>\u201cEssa declara\u00e7\u00e3o comprova que os bancos privados nunca quiseram ajudar no desenvolvimento econ\u00f4mico e social do pa\u00eds, porque era muito mais lucrativo aplicar nos juros da d\u00edvida p\u00fablica\u201d, afirma Maria Rosani, coordenadora da Comiss\u00e3o de Organiza\u00e7\u00e3o dos Empregados e diretora executiva do Sindicato.<\/p>\n<p>\u201cE se a taxa Selic voltar a subir? Os bancos privados continuar\u00e3o financiando esses projetos? Por isso a Caixa Econ\u00f4mica Federal [cr\u00e9dito para a casa pr\u00f3pria], o Banco do Brasil [cr\u00e9dito rural] e BNDES [cr\u00e9dito para ind\u00fastria e infraestrutura] s\u00e3o fundamentais. Onde os bancos privados n\u00e3o atuam, entra o setor p\u00fablico\u201d, acrescenta a dirigente.<\/p>\n<p>Mas agora que a taxa Selic est\u00e1 baixa e os bancos n\u00e3o podem mais lucrar como antes com a d\u00edvida p\u00fablica (que remunera com base na taxa Selic), essas institui\u00e7\u00f5es privadas voltam a aten\u00e7\u00e3o para a fatia de mercado que esses bancos p\u00fablicos sempre supriram. \u00a0<\/p>\n<p><strong>FGTS<\/strong><br \/>Rial tamb\u00e9m mais uma vez demonstrou interesse em colocar as m\u00e3os no FGTS dos trabalhadores brasileiros. \u201cPor que n\u00e3o levar isso a uma propor\u00e7\u00e3o maior ainda? Por que n\u00e3o dar a cada cidad\u00e3o o direito de gerir, ele mesmo, o seu recurso de FGTS?\u201d, indagou o CEO.<\/p>\n<p>Rial talvez tenha se esquecido que o FGTS financia justamente obras de infraestrutura como habita\u00e7\u00e3o, mobilidade urbana e saneamento b\u00e1sico.<\/p>\n<p>Ou seja, Rial quer que os recursos do FGTS, hoje administrados pela Caixa (um banco p\u00fablico), sejam geridos pelos bancos privados.\u00a0<\/p>\n<p><strong>Saneamento b\u00e1sico e habita\u00e7\u00e3o<\/strong><br \/>Ao mesmo tempo, Rial defende que as obras de saneamento tamb\u00e9m sejam financiadas pelas institui\u00e7\u00f5es privadas; e ainda abra\u00e7a a ideia da privatiza\u00e7\u00e3o das companhias p\u00fablicas que ofertam esse servi\u00e7o: \u201cE temos ainda a resist\u00eancia de alguns estados e munic\u00edpios a privatizar [empresas de saneamento]\u201d.<\/p>\n<p>A \u00e1gua \u00e9 um recurso natural, essencial e esgot\u00e1vel, imprescind\u00edvel ao ser humano. Portanto, a gest\u00e3o da \u00e1gua ultrapassa o car\u00e1ter financeiro e econ\u00f4mico e deve ser vista como direito do ser humano, e n\u00e3o como mercadoria. Por essa raz\u00e3o, o setor de saneamento n\u00e3o pode ser considerado como um ambiente de neg\u00f3cios, como almeja o setor privado.<\/p>\n<p>Capitais europeias como Berlim e Paris est\u00e3o justamente reestatizando suas companhias de saneamento. Mas, no Brasil, o governo Temer caminha na contram\u00e3o, e empreende um amplo Programa de Parcerias de Investimento (PPI), que abrange diversas companhias estaduais de saneamento, e poder\u00e1 representar uma amea\u00e7a \u00e0 universaliza\u00e7\u00e3o desses servi\u00e7os no Brasil.<\/p>\n<p>A mesma linha de racioc\u00ednio pode ser aplicada no cr\u00e9dito imobili\u00e1rio, hoje 70% nas m\u00e3os da Caixa, financiados com recursos do FGTS, a juros muito mais baixos do que os ofertados pelos bancos privados.<\/p>\n<p>Se o FGTS cair nas m\u00e3os dos bancos privados, essas institui\u00e7\u00f5es poder\u00e3o cobrar o quanto quiserem na oferta do cr\u00e9dito imobili\u00e1rio. E sem a concorr\u00eancia da Caixa.<\/p>\n<p>\u201c\u00c9 f\u00e1cil chegar ao objetivo de Rial: que as coisas mudem para continuar como est\u00e3o e os bancos privados continuem lucrando \u00e0\u00a0custa da sociedade. Ou, como ele mesmo disse na entrevista, \u2018tirar os obst\u00e1culos\u2019, o que pode ser entendido como a elimina\u00e7\u00e3o dos bancos p\u00fablicos\u201d, finaliza Maria Rosani.<\/p>\n<\/div>\n<p id=\"page-author\"><span style=\"text-decoration: underline;\"><em><strong>Fonte: SPBanc\u00e1rios<\/strong><\/em><\/span><\/p>\n","protected":false},"excerpt":{"rendered":"<p>Mais uma vez, o presidente do Santander Brasil, S\u00e9rgio Rial, revela o interesse dos bancos privados na redu\u00e7\u00e3o da fun\u00e7\u00e3o\u00a0do Estado na economia a fim de aumentarem ainda mais seus lucros. Fun\u00e7\u00e3o essa que nunca interessou a essas institui\u00e7\u00f5es, porque sempre preferiram lucrar aplicando em pap\u00e9is da d\u00edvida p\u00fablica, atrelada \u00e0 taxa Selic, que estava [&hellip;]<\/p>\n","protected":false},"author":2,"featured_media":3717,"comment_status":"","ping_status":"","sticky":false,"template":"","format":"standard","meta":{"footnotes":""},"categories":[3],"tags":[],"class_list":["post-3718","post","type-post","status-publish","format-standard","has-post-thumbnail","hentry","category-noticias"],"_links":{"self":[{"href":"https:\/\/hostnetart.com.br\/baixada\/wp-json\/wp\/v2\/posts\/3718","targetHints":{"allow":["GET"]}}],"collection":[{"href":"https:\/\/hostnetart.com.br\/baixada\/wp-json\/wp\/v2\/posts"}],"about":[{"href":"https:\/\/hostnetart.com.br\/baixada\/wp-json\/wp\/v2\/types\/post"}],"author":[{"embeddable":true,"href":"https:\/\/hostnetart.com.br\/baixada\/wp-json\/wp\/v2\/users\/2"}],"replies":[{"embeddable":true,"href":"https:\/\/hostnetart.com.br\/baixada\/wp-json\/wp\/v2\/comments?post=3718"}],"version-history":[{"count":0,"href":"https:\/\/hostnetart.com.br\/baixada\/wp-json\/wp\/v2\/posts\/3718\/revisions"}],"wp:featuredmedia":[{"embeddable":true,"href":"https:\/\/hostnetart.com.br\/baixada\/wp-json\/wp\/v2\/media\/3717"}],"wp:attachment":[{"href":"https:\/\/hostnetart.com.br\/baixada\/wp-json\/wp\/v2\/media?parent=3718"}],"wp:term":[{"taxonomy":"category","embeddable":true,"href":"https:\/\/hostnetart.com.br\/baixada\/wp-json\/wp\/v2\/categories?post=3718"},{"taxonomy":"post_tag","embeddable":true,"href":"https:\/\/hostnetart.com.br\/baixada\/wp-json\/wp\/v2\/tags?post=3718"}],"curies":[{"name":"wp","href":"https:\/\/api.w.org\/{rel}","templated":true}]}}