{"id":3712,"date":"2018-01-29T20:20:58","date_gmt":"2018-01-29T22:20:58","guid":{"rendered":"https:\/\/hostnetart.com.br\/baixada\/reformas-trabalhista-e-da-previdencia-sao-combinacao-explosiva-para-o-trabalhador\/"},"modified":"2018-01-29T20:20:58","modified_gmt":"2018-01-29T22:20:58","slug":"reformas-trabalhista-e-da-previdencia-sao-combinacao-explosiva-para-o-trabalhador","status":"publish","type":"post","link":"https:\/\/hostnetart.com.br\/baixada\/reformas-trabalhista-e-da-previdencia-sao-combinacao-explosiva-para-o-trabalhador\/","title":{"rendered":"Reformas trabalhista e da Previd\u00eancia s\u00e3o &#8216;combina\u00e7\u00e3o explosiva&#8217; para o trabalhador"},"content":{"rendered":"<div class=\"content\">\n<p>Em entrevista \u00e0\u00a0R\u00e1dio Brasil Atual, o professor do Instituto de Economia\u00a0da Universidade de Campinas (Unicamp), Eduardo\u00a0Fagnani, avaliou a insist\u00eancia do governo em aprovar a Reforma da Previd\u00eancia, cuja vota\u00e7\u00e3o est\u00e1 agendada para 19 de fevereiro, na C\u00e2mara dos Deputados.\u00a0<\/p>\n<p>Fagnani foi\u00a0taxativo ao dizer que a propaganda oficial mente ao dizer que os mais pobres n\u00e3o ser\u00e3o afetados pela Proposta de Emenda \u00e0 Constitui\u00e7\u00e3o\u00a0<strong>(PEC) 287<\/strong>. &#8220;\u00c9 uma estrat\u00e9gia. Como se eles estivessem fazendo uma reforma que atinge apenas os maraj\u00e1s do servi\u00e7o p\u00fablico. Isso n\u00e3o \u00e9 verdade&#8221;, aponta, destacando as dificuldades que o trabalhador ter\u00e1 para conseguir acesso ao benef\u00edcio. &#8220;Para ter aposentadoria integral precisa contribuir durante 44 anos, isso inviabiliza, ningu\u00e9m mais vai ter aposentadoria integral no Brasil. Isso \u00e9 superior ao tempo de contribui\u00e7\u00e3o que os pa\u00edses desenvolvidos adotam.&#8221;<\/p>\n<p>Para o economista, a combina\u00e7\u00e3o dos efeitos da &#8220;reforma&#8221; trabalhista, que precariza os empregos e diminui as receitas previdenci\u00e1rias, com a proposta de mudan\u00e7as do governo no sistema previdenci\u00e1rio inviabilizam o sistema, aumentando ainda mais a desigualdade no pa\u00eds. &#8220;Antes da reforma trabalhista, em m\u00e9dia, 50% do trabalho era informal, mas no Maranh\u00e3o esse \u00edndice \u00e9 de 75%. Essas pessoas em geral n\u00e3o contribuem para a Previd\u00eancia e n\u00e3o v\u00e3o conseguir ter os 15 anos (de contribui\u00e7\u00e3o m\u00ednima). Isso n\u00e3o s\u00f3 prejudica as camadas de menor renda, mas a popula\u00e7\u00e3o que mora nas regi\u00f5es Norte e Nordeste, o que vai ampliar a desigualdade regional e a desigualdade de renda no pa\u00eds.&#8221;<\/p>\n<p>\u00a0<\/p>\n<p>Clique <a href=\"http:\/\/www.redebrasilatual.com.br\/politica\/2018\/01\/reformas-trabalhista-e-da-previdencia-sao-combinacao-explosiva-para-o-trabalhador\">aqui <\/a>e veja a mat\u00e9ria na \u00edntegra<\/p>\n<\/div>\n<p id=\"page-author\"><strong>Fonte: Rede Brasil Atual<\/strong><\/p>\n","protected":false},"excerpt":{"rendered":"<p>Em entrevista \u00e0\u00a0R\u00e1dio Brasil Atual, o professor do Instituto de Economia\u00a0da Universidade de Campinas (Unicamp), Eduardo\u00a0Fagnani, avaliou a insist\u00eancia do governo em aprovar a Reforma da Previd\u00eancia, cuja vota\u00e7\u00e3o est\u00e1 agendada para 19 de fevereiro, na C\u00e2mara dos Deputados.\u00a0 Fagnani foi\u00a0taxativo ao dizer que a propaganda oficial mente ao dizer que os mais pobres n\u00e3o [&hellip;]<\/p>\n","protected":false},"author":2,"featured_media":3711,"comment_status":"","ping_status":"","sticky":false,"template":"","format":"standard","meta":{"footnotes":""},"categories":[3],"tags":[],"class_list":["post-3712","post","type-post","status-publish","format-standard","has-post-thumbnail","hentry","category-noticias"],"_links":{"self":[{"href":"https:\/\/hostnetart.com.br\/baixada\/wp-json\/wp\/v2\/posts\/3712","targetHints":{"allow":["GET"]}}],"collection":[{"href":"https:\/\/hostnetart.com.br\/baixada\/wp-json\/wp\/v2\/posts"}],"about":[{"href":"https:\/\/hostnetart.com.br\/baixada\/wp-json\/wp\/v2\/types\/post"}],"author":[{"embeddable":true,"href":"https:\/\/hostnetart.com.br\/baixada\/wp-json\/wp\/v2\/users\/2"}],"replies":[{"embeddable":true,"href":"https:\/\/hostnetart.com.br\/baixada\/wp-json\/wp\/v2\/comments?post=3712"}],"version-history":[{"count":0,"href":"https:\/\/hostnetart.com.br\/baixada\/wp-json\/wp\/v2\/posts\/3712\/revisions"}],"wp:featuredmedia":[{"embeddable":true,"href":"https:\/\/hostnetart.com.br\/baixada\/wp-json\/wp\/v2\/media\/3711"}],"wp:attachment":[{"href":"https:\/\/hostnetart.com.br\/baixada\/wp-json\/wp\/v2\/media?parent=3712"}],"wp:term":[{"taxonomy":"category","embeddable":true,"href":"https:\/\/hostnetart.com.br\/baixada\/wp-json\/wp\/v2\/categories?post=3712"},{"taxonomy":"post_tag","embeddable":true,"href":"https:\/\/hostnetart.com.br\/baixada\/wp-json\/wp\/v2\/tags?post=3712"}],"curies":[{"name":"wp","href":"https:\/\/api.w.org\/{rel}","templated":true}]}}