{"id":3708,"date":"2018-01-29T20:18:42","date_gmt":"2018-01-29T22:18:42","guid":{"rendered":"https:\/\/hostnetart.com.br\/baixada\/comando-nacional-dos-bancarios-reafirma-importancia-da-defesa-da-democracia\/"},"modified":"2018-01-29T20:18:42","modified_gmt":"2018-01-29T22:18:42","slug":"comando-nacional-dos-bancarios-reafirma-importancia-da-defesa-da-democracia","status":"publish","type":"post","link":"https:\/\/hostnetart.com.br\/baixada\/comando-nacional-dos-bancarios-reafirma-importancia-da-defesa-da-democracia\/","title":{"rendered":"Comando Nacional dos Banc\u00e1rios reafirma import\u00e2ncia da defesa da democracia"},"content":{"rendered":"<div class=\"content\">\n<p>O Comando Nacional dos Banc\u00e1rios reafirmou a import\u00e2ncia da defesa da democracia no Brasil, em reuni\u00e3o realizada na quinta-feira (25), em Porto Alegre. Por isso, o comando se declara contr\u00e1rio a condena\u00e7\u00e3o, sem prova, do ex-presidente Lu\u00eds In\u00e1cio Lula da Silva.<\/p>\n<p>A reuni\u00e3o tamb\u00e9m definiu o calend\u00e1rio da categoria. Ap\u00f3s amplo debate, ficou definido que os encontros de bancos p\u00fablicos e de bancos privados sejam dois dias antes da Confer\u00eancia Nacional dos Banc\u00e1rios. A Confer\u00eancia ser\u00e1 na quadra dos banc\u00e1rios de S\u00e3o Paulo.<\/p>\n<p>O local dos encontros de bancos p\u00fablicos e privados ser\u00e1 em S\u00e3o Paulo, em locais a serem definidos. O n\u00famero de delegados participantes dos encontros dever\u00e1 ser o mesmo do ano passado.<\/p>\n<p>O comando tamb\u00e9m indicou ainda o fortalecimento e o aprofundamento dos debates nas confer\u00eancias regionais.<\/p>\n<p>A pr\u00f3xima reuni\u00e3o do Comando Nacional dos Banc\u00e1rios ser\u00e1 em 28 de fevereiro, na sede da Contraf-CUT, em S\u00e3o Paulo.<\/p>\n<\/div>\n<p id=\"page-author\"><span style=\"text-decoration: underline;\"><em><strong>Fonte: Contraf-CUT<\/strong><\/em><\/span><\/p>\n","protected":false},"excerpt":{"rendered":"<p>O Comando Nacional dos Banc\u00e1rios reafirmou a import\u00e2ncia da defesa da democracia no Brasil, em reuni\u00e3o realizada na quinta-feira (25), em Porto Alegre. Por isso, o comando se declara contr\u00e1rio a condena\u00e7\u00e3o, sem prova, do ex-presidente Lu\u00eds In\u00e1cio Lula da Silva. A reuni\u00e3o tamb\u00e9m definiu o calend\u00e1rio da categoria. Ap\u00f3s amplo debate, ficou definido que [&hellip;]<\/p>\n","protected":false},"author":2,"featured_media":3707,"comment_status":"","ping_status":"","sticky":false,"template":"","format":"standard","meta":{"footnotes":""},"categories":[3],"tags":[],"class_list":["post-3708","post","type-post","status-publish","format-standard","has-post-thumbnail","hentry","category-noticias"],"_links":{"self":[{"href":"https:\/\/hostnetart.com.br\/baixada\/wp-json\/wp\/v2\/posts\/3708","targetHints":{"allow":["GET"]}}],"collection":[{"href":"https:\/\/hostnetart.com.br\/baixada\/wp-json\/wp\/v2\/posts"}],"about":[{"href":"https:\/\/hostnetart.com.br\/baixada\/wp-json\/wp\/v2\/types\/post"}],"author":[{"embeddable":true,"href":"https:\/\/hostnetart.com.br\/baixada\/wp-json\/wp\/v2\/users\/2"}],"replies":[{"embeddable":true,"href":"https:\/\/hostnetart.com.br\/baixada\/wp-json\/wp\/v2\/comments?post=3708"}],"version-history":[{"count":0,"href":"https:\/\/hostnetart.com.br\/baixada\/wp-json\/wp\/v2\/posts\/3708\/revisions"}],"wp:featuredmedia":[{"embeddable":true,"href":"https:\/\/hostnetart.com.br\/baixada\/wp-json\/wp\/v2\/media\/3707"}],"wp:attachment":[{"href":"https:\/\/hostnetart.com.br\/baixada\/wp-json\/wp\/v2\/media?parent=3708"}],"wp:term":[{"taxonomy":"category","embeddable":true,"href":"https:\/\/hostnetart.com.br\/baixada\/wp-json\/wp\/v2\/categories?post=3708"},{"taxonomy":"post_tag","embeddable":true,"href":"https:\/\/hostnetart.com.br\/baixada\/wp-json\/wp\/v2\/tags?post=3708"}],"curies":[{"name":"wp","href":"https:\/\/api.w.org\/{rel}","templated":true}]}}