{"id":3704,"date":"2018-01-26T12:40:12","date_gmt":"2018-01-26T14:40:12","guid":{"rendered":"https:\/\/hostnetart.com.br\/baixada\/caia-na-folia-com-os-bancarios\/"},"modified":"2018-01-26T12:40:12","modified_gmt":"2018-01-26T14:40:12","slug":"caia-na-folia-com-os-bancarios","status":"publish","type":"post","link":"https:\/\/hostnetart.com.br\/baixada\/caia-na-folia-com-os-bancarios\/","title":{"rendered":"Caia na folia com os Banc\u00e1rios!"},"content":{"rendered":"<p>A Secretaria de Cultura, Esporte e Lazer do Sindicato dos Banc\u00e1rios da Baixada Fluminense convida todas e todos seus associados para o ensaio do Bloco &#8220;Vestiu uma Camisinha Listrada e Saiu Por A\u00ed&#8221;, organizado pelo Sindicato dos Banc\u00e1rios do Rio de Janeiro, o \u00faltimo antes do desfile oficial, que ser\u00e1 no dia 9 de fevereiro.<\/p>\n<p>O ensaio do tradicional Bloco dos Banc\u00e1rios do Rio ser\u00e1 realizado nesta sexta-feira, dia 26, a partir das 18 horas, na esquina da Rua Miguel Couto com a Presidente Vargas, Centro do Rio, em frente ao bar Tropical Gourmet.\u00a0Como sempre, a agremia\u00e7\u00e3o contar\u00e1 com ritmistas da Unidos da Tijuca.\u00a0<\/p>\n<p>O carnaval este ano come\u00e7a oficialmente na segunda semana de fevereiro. Mas a folia do carioca j\u00e1 come\u00e7ou!\u00a0 <\/p>\n<p>\u00a0<\/p>\n","protected":false},"excerpt":{"rendered":"<p>A Secretaria de Cultura, Esporte e Lazer do Sindicato dos Banc\u00e1rios da Baixada Fluminense convida todas e todos seus associados para o ensaio do Bloco &#8220;Vestiu uma Camisinha Listrada e Saiu Por A\u00ed&#8221;, organizado pelo Sindicato dos Banc\u00e1rios do Rio de Janeiro, o \u00faltimo antes do desfile oficial, que ser\u00e1 no dia 9 de fevereiro. [&hellip;]<\/p>\n","protected":false},"author":2,"featured_media":3703,"comment_status":"","ping_status":"","sticky":false,"template":"","format":"standard","meta":{"footnotes":""},"categories":[3],"tags":[],"class_list":["post-3704","post","type-post","status-publish","format-standard","has-post-thumbnail","hentry","category-noticias"],"_links":{"self":[{"href":"https:\/\/hostnetart.com.br\/baixada\/wp-json\/wp\/v2\/posts\/3704","targetHints":{"allow":["GET"]}}],"collection":[{"href":"https:\/\/hostnetart.com.br\/baixada\/wp-json\/wp\/v2\/posts"}],"about":[{"href":"https:\/\/hostnetart.com.br\/baixada\/wp-json\/wp\/v2\/types\/post"}],"author":[{"embeddable":true,"href":"https:\/\/hostnetart.com.br\/baixada\/wp-json\/wp\/v2\/users\/2"}],"replies":[{"embeddable":true,"href":"https:\/\/hostnetart.com.br\/baixada\/wp-json\/wp\/v2\/comments?post=3704"}],"version-history":[{"count":0,"href":"https:\/\/hostnetart.com.br\/baixada\/wp-json\/wp\/v2\/posts\/3704\/revisions"}],"wp:featuredmedia":[{"embeddable":true,"href":"https:\/\/hostnetart.com.br\/baixada\/wp-json\/wp\/v2\/media\/3703"}],"wp:attachment":[{"href":"https:\/\/hostnetart.com.br\/baixada\/wp-json\/wp\/v2\/media?parent=3704"}],"wp:term":[{"taxonomy":"category","embeddable":true,"href":"https:\/\/hostnetart.com.br\/baixada\/wp-json\/wp\/v2\/categories?post=3704"},{"taxonomy":"post_tag","embeddable":true,"href":"https:\/\/hostnetart.com.br\/baixada\/wp-json\/wp\/v2\/tags?post=3704"}],"curies":[{"name":"wp","href":"https:\/\/api.w.org\/{rel}","templated":true}]}}