{"id":3700,"date":"2018-01-26T12:35:52","date_gmt":"2018-01-26T14:35:52","guid":{"rendered":"https:\/\/hostnetart.com.br\/baixada\/contraf-cut-faz-12-anos-e-esta-pronta-para-a-luta-que-sera-2018\/"},"modified":"2018-01-26T12:35:52","modified_gmt":"2018-01-26T14:35:52","slug":"contraf-cut-faz-12-anos-e-esta-pronta-para-a-luta-que-sera-2018","status":"publish","type":"post","link":"https:\/\/hostnetart.com.br\/baixada\/contraf-cut-faz-12-anos-e-esta-pronta-para-a-luta-que-sera-2018\/","title":{"rendered":"Contraf-CUT faz 12 anos e est\u00e1 pronta para a luta que ser\u00e1 2018"},"content":{"rendered":"<div class=\"content\">\n<p>A Confedera\u00e7\u00e3o Nacional dos Trabalhadores do Ramo Financeiro (Contraf-CUT) completa 12 anos de hist\u00f3ria no dia 26 de janeiro de 2018, com a for\u00e7a de quem representa a grande maioria da categoria banc\u00e1ria espalhada por todo o Brasil.<\/p>\n<p>Por isso, tem a certeza de que ter\u00e1 a uni\u00e3o necess\u00e1ria para as lutas deste ano, que promete ser um dos mais dif\u00edceis da sua trajet\u00f3ria.<\/p>\n<p>Elei\u00e7\u00f5es presidenciais, tentativas de acabar ou corromper o poder judici\u00e1rio, al\u00e9m das amea\u00e7as que ainda rondam os direitos dos trabalhadores, como a Reforma da Previd\u00eancia, a flexibiliza\u00e7\u00e3o da CLT e o desmonte dos bancos p\u00fablicos s\u00e3o alguns dos nossos desafios.<\/p>\n<p>N\u00e3o podemos esquecer ainda da nossa Campanha Nacional, que este ano volta a ter negocia\u00e7\u00e3o com os banqueiros.<\/p>\n<\/div>\n<p id=\"page-author\"><span style=\"text-decoration: underline;\"><em><strong>Fonte: Contraf-CUT<\/strong><\/em><\/span><\/p>\n","protected":false},"excerpt":{"rendered":"<p>A Confedera\u00e7\u00e3o Nacional dos Trabalhadores do Ramo Financeiro (Contraf-CUT) completa 12 anos de hist\u00f3ria no dia 26 de janeiro de 2018, com a for\u00e7a de quem representa a grande maioria da categoria banc\u00e1ria espalhada por todo o Brasil. Por isso, tem a certeza de que ter\u00e1 a uni\u00e3o necess\u00e1ria para as lutas deste ano, que [&hellip;]<\/p>\n","protected":false},"author":2,"featured_media":3699,"comment_status":"","ping_status":"","sticky":false,"template":"","format":"standard","meta":{"footnotes":""},"categories":[3],"tags":[],"class_list":["post-3700","post","type-post","status-publish","format-standard","has-post-thumbnail","hentry","category-noticias"],"_links":{"self":[{"href":"https:\/\/hostnetart.com.br\/baixada\/wp-json\/wp\/v2\/posts\/3700","targetHints":{"allow":["GET"]}}],"collection":[{"href":"https:\/\/hostnetart.com.br\/baixada\/wp-json\/wp\/v2\/posts"}],"about":[{"href":"https:\/\/hostnetart.com.br\/baixada\/wp-json\/wp\/v2\/types\/post"}],"author":[{"embeddable":true,"href":"https:\/\/hostnetart.com.br\/baixada\/wp-json\/wp\/v2\/users\/2"}],"replies":[{"embeddable":true,"href":"https:\/\/hostnetart.com.br\/baixada\/wp-json\/wp\/v2\/comments?post=3700"}],"version-history":[{"count":0,"href":"https:\/\/hostnetart.com.br\/baixada\/wp-json\/wp\/v2\/posts\/3700\/revisions"}],"wp:featuredmedia":[{"embeddable":true,"href":"https:\/\/hostnetart.com.br\/baixada\/wp-json\/wp\/v2\/media\/3699"}],"wp:attachment":[{"href":"https:\/\/hostnetart.com.br\/baixada\/wp-json\/wp\/v2\/media?parent=3700"}],"wp:term":[{"taxonomy":"category","embeddable":true,"href":"https:\/\/hostnetart.com.br\/baixada\/wp-json\/wp\/v2\/categories?post=3700"},{"taxonomy":"post_tag","embeddable":true,"href":"https:\/\/hostnetart.com.br\/baixada\/wp-json\/wp\/v2\/tags?post=3700"}],"curies":[{"name":"wp","href":"https:\/\/api.w.org\/{rel}","templated":true}]}}