{"id":3698,"date":"2018-01-25T13:04:44","date_gmt":"2018-01-25T15:04:44","guid":{"rendered":"https:\/\/hostnetart.com.br\/baixada\/vendas-do-comercio-do-rio-fecham-2017-com-queda-de-5-8\/"},"modified":"2018-01-25T13:04:44","modified_gmt":"2018-01-25T15:04:44","slug":"vendas-do-comercio-do-rio-fecham-2017-com-queda-de-5-8","status":"publish","type":"post","link":"https:\/\/hostnetart.com.br\/baixada\/vendas-do-comercio-do-rio-fecham-2017-com-queda-de-5-8\/","title":{"rendered":"Vendas do com\u00e9rcio do Rio fecham 2017 com queda de 5,8%"},"content":{"rendered":"<p>As vendas de dezembro \u00faltimo do com\u00e9rcio varejista do Rio de Janeiro ca\u00edram 0,9%, em compara\u00e7\u00e3o com o mesmo m\u00eas do ano anterior, registrando o d\u00e9cimo segundo m\u00eas consecutivo de queda. O resultado \u00e9 que as vendas fecharam os 12 meses de ano passado com queda acumulada de 5,8%, em rela\u00e7\u00e3o a 2016.<\/p>\n<p>Os dados foram divulgados hoje (25), pelo Centro de Estudos do Clube de Diretores Lojistas do Rio de Janeiro (CDLRio), que ouviu cerca de 750 estabelecimentos comerciais em toda a cidade. Ao avaliar os resultados do ano passado, o presidente do CDLRio, Aldo Gon\u00e7alves, disse que o resultado negativo do ano passado refletiu um ano dif\u00edcil para os brasileiros, em especial para a popula\u00e7\u00e3o do Rio.<\/p>\n<p>\u201cO Rio de Janeiro passa por uma crise pol\u00edtica e econ\u00f4mica sem precedentes, ao contr\u00e1rio de outros estados,que j\u00e1 experimentam alguma recupera\u00e7\u00e3o. Todo esse cen\u00e1rio ca\u00f3tico atingiu diretamente o com\u00e9rcio, grande p\u00edlar e pulso da nossa economia, respons\u00e1vel por mais de 20% dos empregos formais do estado\u201d, disse.<\/p>\n<p>Ao divulgar a pesquisa, o CDLRio afirmou que, s\u00f3 no primeiro semestre, quase 10 mil estabelecimentos comerciais fecharam suas portas em todo o Estado e que o n\u00famero segue crescendo.<\/p>\n<p>\u201cNa capital, a camelotagem e a desordem urbana desenfreadas tomaram conta dos principais corredores comerciais da cidade, sem a devida a\u00e7\u00e3o da prefeitura para coibi-las, afastando os consumidores e prejudicando ainda mais o com\u00e9rcio\u201d, protestou.<\/p>\n<p>Aldo Gon\u00e7alves afirmou que os comerciantes fizeram a sua parte, planejando e se organizando para as vendas e comprando produtos desejados pela popula\u00e7\u00e3o, com pre\u00e7o e quantidades adequadas, al\u00e9m de investir no treinamento da equipe para vender mais e conquistar novos clientes.<\/p>\n<p>\u201cO com\u00e9rcio fez todo tipo de promo\u00e7\u00e3o, liquida\u00e7\u00e3o e descontos para estimular os consumidores, mas nada disso foi o suficiente para aumentar as vendas, da\u00ed o resultado negativo, que se repetiu m\u00eas a m\u00eas durante todo o ano.\u201d<\/p>\n<p><span style=\"text-decoration: underline;\"><em><strong>FONTE: Ag\u00eancia Brasil<\/strong><\/em><\/span><\/p>\n","protected":false},"excerpt":{"rendered":"<p>As vendas de dezembro \u00faltimo do com\u00e9rcio varejista do Rio de Janeiro ca\u00edram 0,9%, em compara\u00e7\u00e3o com o mesmo m\u00eas do ano anterior, registrando o d\u00e9cimo segundo m\u00eas consecutivo de queda. O resultado \u00e9 que as vendas fecharam os 12 meses de ano passado com queda acumulada de 5,8%, em rela\u00e7\u00e3o a 2016. Os dados [&hellip;]<\/p>\n","protected":false},"author":2,"featured_media":3697,"comment_status":"","ping_status":"","sticky":false,"template":"","format":"standard","meta":{"footnotes":""},"categories":[3],"tags":[],"class_list":["post-3698","post","type-post","status-publish","format-standard","has-post-thumbnail","hentry","category-noticias"],"_links":{"self":[{"href":"https:\/\/hostnetart.com.br\/baixada\/wp-json\/wp\/v2\/posts\/3698","targetHints":{"allow":["GET"]}}],"collection":[{"href":"https:\/\/hostnetart.com.br\/baixada\/wp-json\/wp\/v2\/posts"}],"about":[{"href":"https:\/\/hostnetart.com.br\/baixada\/wp-json\/wp\/v2\/types\/post"}],"author":[{"embeddable":true,"href":"https:\/\/hostnetart.com.br\/baixada\/wp-json\/wp\/v2\/users\/2"}],"replies":[{"embeddable":true,"href":"https:\/\/hostnetart.com.br\/baixada\/wp-json\/wp\/v2\/comments?post=3698"}],"version-history":[{"count":0,"href":"https:\/\/hostnetart.com.br\/baixada\/wp-json\/wp\/v2\/posts\/3698\/revisions"}],"wp:featuredmedia":[{"embeddable":true,"href":"https:\/\/hostnetart.com.br\/baixada\/wp-json\/wp\/v2\/media\/3697"}],"wp:attachment":[{"href":"https:\/\/hostnetart.com.br\/baixada\/wp-json\/wp\/v2\/media?parent=3698"}],"wp:term":[{"taxonomy":"category","embeddable":true,"href":"https:\/\/hostnetart.com.br\/baixada\/wp-json\/wp\/v2\/categories?post=3698"},{"taxonomy":"post_tag","embeddable":true,"href":"https:\/\/hostnetart.com.br\/baixada\/wp-json\/wp\/v2\/tags?post=3698"}],"curies":[{"name":"wp","href":"https:\/\/api.w.org\/{rel}","templated":true}]}}