{"id":3696,"date":"2018-01-25T13:00:09","date_gmt":"2018-01-25T15:00:09","guid":{"rendered":"https:\/\/hostnetart.com.br\/baixada\/comando-nacional-dos-bancarios-se-reune-nesta-quinta-25-em-porto-alegre\/"},"modified":"2018-01-25T13:00:09","modified_gmt":"2018-01-25T15:00:09","slug":"comando-nacional-dos-bancarios-se-reune-nesta-quinta-25-em-porto-alegre","status":"publish","type":"post","link":"https:\/\/hostnetart.com.br\/baixada\/comando-nacional-dos-bancarios-se-reune-nesta-quinta-25-em-porto-alegre\/","title":{"rendered":"Comando Nacional dos Banc\u00e1rios se re\u00fane nesta quinta (25), em Porto Alegre"},"content":{"rendered":"<p>Conjuntura Nacional e estrat\u00e9gia de negocia\u00e7\u00e3o do Termo de Compromisso de 2018 estar\u00e3o em debate<\/p>\n<p>O Comando Nacional dos Banc\u00e1rios se re\u00fane nesta quinta-feira (25), na sede da Fetrafi, em Porto Alegre, RS, \u00e0s 10h, para debater a conjuntura nacional, a agenda de reuni\u00f5es do ano e a estrat\u00e9gia de negocia\u00e7\u00e3o do Termo de Compromisso para 2018.<\/p>\n<p>Na pauta do encontro est\u00e1 o calend\u00e1rio de reuni\u00f5es com bancos, Congressos e Confer\u00eancias da Campanha Nacional de 2018. E discutir\u00e1 tamb\u00e9m o formato e os locais desses eventos.<\/p>\n<p><span style=\"text-decoration: underline;\"><em><strong>Fonte: Contraf-CUT<\/strong><\/em><\/span><\/p>\n","protected":false},"excerpt":{"rendered":"<p>Conjuntura Nacional e estrat\u00e9gia de negocia\u00e7\u00e3o do Termo de Compromisso de 2018 estar\u00e3o em debate O Comando Nacional dos Banc\u00e1rios se re\u00fane nesta quinta-feira (25), na sede da Fetrafi, em Porto Alegre, RS, \u00e0s 10h, para debater a conjuntura nacional, a agenda de reuni\u00f5es do ano e a estrat\u00e9gia de negocia\u00e7\u00e3o do Termo de Compromisso [&hellip;]<\/p>\n","protected":false},"author":2,"featured_media":3695,"comment_status":"","ping_status":"","sticky":false,"template":"","format":"standard","meta":{"footnotes":""},"categories":[3],"tags":[],"class_list":["post-3696","post","type-post","status-publish","format-standard","has-post-thumbnail","hentry","category-noticias"],"_links":{"self":[{"href":"https:\/\/hostnetart.com.br\/baixada\/wp-json\/wp\/v2\/posts\/3696","targetHints":{"allow":["GET"]}}],"collection":[{"href":"https:\/\/hostnetart.com.br\/baixada\/wp-json\/wp\/v2\/posts"}],"about":[{"href":"https:\/\/hostnetart.com.br\/baixada\/wp-json\/wp\/v2\/types\/post"}],"author":[{"embeddable":true,"href":"https:\/\/hostnetart.com.br\/baixada\/wp-json\/wp\/v2\/users\/2"}],"replies":[{"embeddable":true,"href":"https:\/\/hostnetart.com.br\/baixada\/wp-json\/wp\/v2\/comments?post=3696"}],"version-history":[{"count":0,"href":"https:\/\/hostnetart.com.br\/baixada\/wp-json\/wp\/v2\/posts\/3696\/revisions"}],"wp:featuredmedia":[{"embeddable":true,"href":"https:\/\/hostnetart.com.br\/baixada\/wp-json\/wp\/v2\/media\/3695"}],"wp:attachment":[{"href":"https:\/\/hostnetart.com.br\/baixada\/wp-json\/wp\/v2\/media?parent=3696"}],"wp:term":[{"taxonomy":"category","embeddable":true,"href":"https:\/\/hostnetart.com.br\/baixada\/wp-json\/wp\/v2\/categories?post=3696"},{"taxonomy":"post_tag","embeddable":true,"href":"https:\/\/hostnetart.com.br\/baixada\/wp-json\/wp\/v2\/tags?post=3696"}],"curies":[{"name":"wp","href":"https:\/\/api.w.org\/{rel}","templated":true}]}}