{"id":3692,"date":"2018-01-24T11:48:57","date_gmt":"2018-01-24T13:48:57","guid":{"rendered":"https:\/\/hostnetart.com.br\/baixada\/contraf-cut-cobra-fim-de-ameaca-de-descomossionamento-para-gerentes-sem-cpa20\/"},"modified":"2018-01-24T11:48:57","modified_gmt":"2018-01-24T13:48:57","slug":"contraf-cut-cobra-fim-de-ameaca-de-descomossionamento-para-gerentes-sem-cpa20","status":"publish","type":"post","link":"https:\/\/hostnetart.com.br\/baixada\/contraf-cut-cobra-fim-de-ameaca-de-descomossionamento-para-gerentes-sem-cpa20\/","title":{"rendered":"Contraf-CUT cobra fim de amea\u00e7a de descomossionamento para gerentes sem CPA20"},"content":{"rendered":"<div class=\"content\">\n<p>A Comiss\u00e3o Executiva dos Empregados da Caixa Econ\u00f4mica Federal (CEE\/Caixa), que assessora a Confedera\u00e7\u00e3o Nacional dos Trabalhadores do Ramo Financeiro (Contraf-CUT), enviou um of\u00edcio \u00e0 dire\u00e7\u00e3o da Caixa, na tarde desta ter\u00e7a-feira (23) para cobrar o fim da essa exig\u00eancia para os gerentes de relacionamento de CPA20.<\/p>\n<p>\u201cOs sindicatos de todo o pa\u00eds apuraram que s\u00e3o milhares de empregados Caixa sendo amea\u00e7ados de descomisionamento sum\u00e1rio tendo sua renda encolhida e sua carreira interrompida por essa exig\u00eancia absurda. Pelo mal que isso acarreta em suas vidas e na sa\u00fade pedimos a suspen\u00e7\u00e3o de tal cobran\u00e7a at\u00e9 que seja discutida com esta comiss\u00e3o\u201d, declarou Dion\u00edsio dos Reis, coordenador do CEE\/Caixa.<\/p>\n<p>Ele lembra que a Caixa se comprometeu a sempre discutir as altera\u00e7\u00f5es na vida funcional dos empregados, por meio da mesa de negocia\u00e7\u00e3o permanente (cl\u00e1usula 49, par\u00e1grafo terceiro, do Acordo Coletivo de Trabalho), por isso, cobramos: \u201cEsclarecimentos sobre a raz\u00e3o da cobran\u00e7a de CPA 20 para todos gerentes de \u201ccarteira\u201d, pois no sistema financeiro nacional a Caixa \u00e9 o \u00fanico dentre os grandes bancos que exige tal certifica\u00e7\u00e3o de forma t\u00e3o ampla; Que fique claro a consequ\u00eancia para os trabalhadores que n\u00e3o tiverem a certifica\u00e7\u00e3o; e que as entidades representativas sejam informadas do n\u00famero de trabalhadores sem o CPA 20 que est\u00e3o pendentes dessa certifica\u00e7\u00e3o, pela cobran\u00e7a da Caixa\u201d, finalizou.<\/p>\n<\/div>\n<p id=\"page-author\"><strong>Fonte: Contraf-CUT<\/strong><\/p>\n","protected":false},"excerpt":{"rendered":"<p>A Comiss\u00e3o Executiva dos Empregados da Caixa Econ\u00f4mica Federal (CEE\/Caixa), que assessora a Confedera\u00e7\u00e3o Nacional dos Trabalhadores do Ramo Financeiro (Contraf-CUT), enviou um of\u00edcio \u00e0 dire\u00e7\u00e3o da Caixa, na tarde desta ter\u00e7a-feira (23) para cobrar o fim da essa exig\u00eancia para os gerentes de relacionamento de CPA20. \u201cOs sindicatos de todo o pa\u00eds apuraram que [&hellip;]<\/p>\n","protected":false},"author":2,"featured_media":3691,"comment_status":"","ping_status":"","sticky":false,"template":"","format":"standard","meta":{"footnotes":""},"categories":[3],"tags":[],"class_list":["post-3692","post","type-post","status-publish","format-standard","has-post-thumbnail","hentry","category-noticias"],"_links":{"self":[{"href":"https:\/\/hostnetart.com.br\/baixada\/wp-json\/wp\/v2\/posts\/3692","targetHints":{"allow":["GET"]}}],"collection":[{"href":"https:\/\/hostnetart.com.br\/baixada\/wp-json\/wp\/v2\/posts"}],"about":[{"href":"https:\/\/hostnetart.com.br\/baixada\/wp-json\/wp\/v2\/types\/post"}],"author":[{"embeddable":true,"href":"https:\/\/hostnetart.com.br\/baixada\/wp-json\/wp\/v2\/users\/2"}],"replies":[{"embeddable":true,"href":"https:\/\/hostnetart.com.br\/baixada\/wp-json\/wp\/v2\/comments?post=3692"}],"version-history":[{"count":0,"href":"https:\/\/hostnetart.com.br\/baixada\/wp-json\/wp\/v2\/posts\/3692\/revisions"}],"wp:featuredmedia":[{"embeddable":true,"href":"https:\/\/hostnetart.com.br\/baixada\/wp-json\/wp\/v2\/media\/3691"}],"wp:attachment":[{"href":"https:\/\/hostnetart.com.br\/baixada\/wp-json\/wp\/v2\/media?parent=3692"}],"wp:term":[{"taxonomy":"category","embeddable":true,"href":"https:\/\/hostnetart.com.br\/baixada\/wp-json\/wp\/v2\/categories?post=3692"},{"taxonomy":"post_tag","embeddable":true,"href":"https:\/\/hostnetart.com.br\/baixada\/wp-json\/wp\/v2\/tags?post=3692"}],"curies":[{"name":"wp","href":"https:\/\/api.w.org\/{rel}","templated":true}]}}